{"id":58343,"date":"2017-09-10T16:07:10","date_gmt":"2017-09-10T14:07:10","guid":{"rendered":"https:\/\/www.zsben.cz\/wordpress\/?p=58343"},"modified":"2017-09-10T18:05:44","modified_gmt":"2017-09-10T16:05:44","slug":"benesovsky-bezecky-festival","status":"publish","type":"post","link":"https:\/\/www.zsben.cz\/wordpress\/?p=58343","title":{"rendered":"Bene\u0161ovsk\u00fd b\u011b\u017eeck\u00fd festival"},"content":{"rendered":"<p><img loading=\"lazy\" decoding=\"async\" src=\"https:\/\/www.zsben.cz\/wordpress\/wp-content\/uploads\/2017\/09\/IMG_6841-281x500.jpg\" alt=\"\" width=\"281\" height=\"500\" class=\"alignnone size-medium wp-image-58351\" srcset=\"https:\/\/www.zsben.cz\/wordpress\/wp-content\/uploads\/2017\/09\/IMG_6841-281x500.jpg 281w, https:\/\/www.zsben.cz\/wordpress\/wp-content\/uploads\/2017\/09\/IMG_6841-84x150.jpg 84w, https:\/\/www.zsben.cz\/wordpress\/wp-content\/uploads\/2017\/09\/IMG_6841-575x1024.jpg 575w, https:\/\/www.zsben.cz\/wordpress\/wp-content\/uploads\/2017\/09\/IMG_6841.jpg 719w\" sizes=\"auto, (max-width: 281px) 100vw, 281px\" \/><br \/>\n    Dnes, 10. z\u00e1\u0159\u00ed, se v Bene\u0161ov\u011b na n\u00e1m\u011bst\u00ed konal Bene\u0161ovsk\u00fd b\u011b\u017eeck\u00fd festival. Ka\u017edoro\u010dn\u011b se ho z\u00fa\u010dast\u0148uj\u00ed i \u017e\u00e1ci na\u0161\u00ed \u0161koly. P\u0159ev\u00e1\u017en\u011b b\u011b\u017e\u00ed Bene\u0161ovskou juniorku, ale jsou i ti, kte\u0159\u00ed si troufnou na del\u0161\u00ed trat\u011b (4 a 10 km).<br \/>\n    Na\u0161i \u017e\u00e1ci  zv\u00edt\u011bzili v kategori\u00edch &#8211; nejv\u00edce bod\u016f a nejv\u00edce p\u0159ihl\u00e1\u0161en\u00fdch, a t\u00edm p\u00e1dem z\u00edskali putovn\u00ed poh\u00e1r &#8211; ABSOLUTN\u00cd V\u00cdT\u011aZ!<br \/>\nD\u011bkujeme v\u0161em \u017e\u00e1k\u016fm, kte\u0159\u00ed z\u00e1vodili za na\u0161i \u0161kolu, a gratulujeme v\u00edt\u011bz\u016fm. V\u0161ichni si zasluhuj\u00ed pochvalu :-).<br \/>\nMgr. Veronika \u0160varcov\u00e1 a Mgr. Lenka Kunstov\u00e1<\/p>\n<p>Podrobn\u00e9 v\u00fdsledky p\u0159ineseme v dal\u0161\u00ed zpr\u00e1v\u011b :-)!<\/p>\nngg_shortcode_0_placeholder\n<div class=\"fcbkbttn_buttons_block\" id=\"fcbkbttn_left\"><div class=\"fcbkbttn_like \"><div class=\"fb-like fb-like-button_count\" data-href=\"https:\/\/www.zsben.cz\/wordpress\/?p=58343\" data-colorscheme=\"light\" data-layout=\"button_count\" data-action=\"like\"  data-size=\"small\"><\/div><\/div><div class=\"fb-share-button  \" data-href=\"https:\/\/www.zsben.cz\/wordpress\/?p=58343\" data-type=\"button_count\" data-size=\"small\"><\/div><\/div>","protected":false},"excerpt":{"rendered":"<p>Dnes, 10. z\u00e1\u0159\u00ed, se v Bene\u0161ov\u011b na n\u00e1m\u011bst\u00ed konal Bene\u0161ovsk\u00fd b\u011b\u017eeck\u00fd festival. Ka\u017edoro\u010dn\u011b se ho z\u00fa\u010dast\u0148uj\u00ed i \u017e\u00e1ci na\u0161\u00ed \u0161koly. P\u0159ev\u00e1\u017en\u011b b\u011b\u017e\u00ed Bene\u0161ovskou juniorku, ale jsou i ti, kte\u0159\u00ed si troufnou na del\u0161\u00ed trat\u011b (4 a 10 km). Na\u0161i \u017e\u00e1ci zv\u00edt\u011bzili v kategori\u00edch &#8211; nejv\u00edce bod\u016f a nejv\u00edce p\u0159ihl\u00e1\u0161en\u00fdch, a t\u00edm p\u00e1dem z\u00edskali putovn\u00ed poh\u00e1r [&hellip;]<\/p>\n","protected":false},"author":1,"featured_media":0,"comment_status":"closed","ping_status":"closed","sticky":false,"template":"","format":"standard","meta":{"ngg_post_thumbnail":0,"footnotes":""},"categories":[1,10],"tags":[],"class_list":["post-58343","post","type-post","status-publish","format-standard","hentry","category-aktuality","category-telocvik"],"_links":{"self":[{"href":"https:\/\/www.zsben.cz\/wordpress\/index.php?rest_route=\/wp\/v2\/posts\/58343","targetHints":{"allow":["GET"]}}],"collection":[{"href":"https:\/\/www.zsben.cz\/wordpress\/index.php?rest_route=\/wp\/v2\/posts"}],"about":[{"href":"https:\/\/www.zsben.cz\/wordpress\/index.php?rest_route=\/wp\/v2\/types\/post"}],"author":[{"embeddable":true,"href":"https:\/\/www.zsben.cz\/wordpress\/index.php?rest_route=\/wp\/v2\/users\/1"}],"replies":[{"embeddable":true,"href":"https:\/\/www.zsben.cz\/wordpress\/index.php?rest_route=%2Fwp%2Fv2%2Fcomments&post=58343"}],"version-history":[{"count":11,"href":"https:\/\/www.zsben.cz\/wordpress\/index.php?rest_route=\/wp\/v2\/posts\/58343\/revisions"}],"predecessor-version":[{"id":58359,"href":"https:\/\/www.zsben.cz\/wordpress\/index.php?rest_route=\/wp\/v2\/posts\/58343\/revisions\/58359"}],"wp:attachment":[{"href":"https:\/\/www.zsben.cz\/wordpress\/index.php?rest_route=%2Fwp%2Fv2%2Fmedia&parent=58343"}],"wp:term":[{"taxonomy":"category","embeddable":true,"href":"https:\/\/www.zsben.cz\/wordpress\/index.php?rest_route=%2Fwp%2Fv2%2Fcategories&post=58343"},{"taxonomy":"post_tag","embeddable":true,"href":"https:\/\/www.zsben.cz\/wordpress\/index.php?rest_route=%2Fwp%2Fv2%2Ftags&post=58343"}],"curies":[{"name":"wp","href":"https:\/\/api.w.org\/{rel}","templated":true}]}}