{"id":5780,"date":"2014-02-19T06:44:28","date_gmt":"2014-02-19T05:44:28","guid":{"rendered":"http:\/\/www.zsben.cz\/wordpress\/?p=5780"},"modified":"2014-02-19T06:44:28","modified_gmt":"2014-02-19T05:44:28","slug":"recitacni-soutez-pro-2-stupen","status":"publish","type":"post","link":"https:\/\/www.zsben.cz\/wordpress\/?p=5780","title":{"rendered":"Recita\u010dn\u00ed sout\u011b\u017e pro 2. stupe\u0148"},"content":{"rendered":"<p>Dne 18. 2. na na\u0161\u00ed \u0161kole prob\u011bhlo \u0161koln\u00ed kolo recita\u010dn\u00ed sout\u011b\u017ee. V\u00a0kategorii 6. a 7. t\u0159\u00edd se bohu\u017eel \u017e\u00e1dn\u00ed z\u00e1jemci nep\u0159ihl\u00e1sili, ale ve vy\u0161\u0161\u00ed\u00a0kategorii 8. a 9. t\u0159\u00edd p\u0159edvedly v\u0161echny \u017e\u00e1kyn\u011b velmi p\u011bkn\u00e9 v\u00fdkony. Nakonec zv\u00edt\u011bzila Kl\u00e1ra Mal\u00e1tov\u00e1 z\u00a08.B, kter\u00e1 n\u00e1s bude reprezentovat v dal\u0161\u00edm kole. Na 2. m\u00edst\u011b se um\u00edstily Denisa Barto\u0161ov\u00e1 z\u00a08.A a Krist\u00fdna \u0160najdrov\u00e1 z\u00a09.B, 3. m\u00edsto obsadila Mark\u00e9ta Eichlerov\u00e1 z\u00a08.A.<\/p>\n<p>V\u0161em d\u011bkujeme za \u00fa\u010dast a douf\u00e1me, \u017ee p\u0159\u00ed\u0161t\u00ed rok bude z\u00e1jem o recitaci v\u011bt\u0161\u00ed!<\/p>\n<p style=\"text-align: right\">Mgr. Kamila Stola\u0159ov\u00e1<\/p>\n<div class=\"fcbkbttn_buttons_block\" id=\"fcbkbttn_left\"><div class=\"fcbkbttn_like \"><div class=\"fb-like fb-like-button_count\" data-href=\"https:\/\/www.zsben.cz\/wordpress\/?p=5780\" data-colorscheme=\"light\" data-layout=\"button_count\" data-action=\"like\"  data-size=\"small\"><\/div><\/div><div class=\"fb-share-button  \" data-href=\"https:\/\/www.zsben.cz\/wordpress\/?p=5780\" data-type=\"button_count\" data-size=\"small\"><\/div><\/div>","protected":false},"excerpt":{"rendered":"<p>Dne 18. 2. na na\u0161\u00ed \u0161kole prob\u011bhlo \u0161koln\u00ed kolo recita\u010dn\u00ed sout\u011b\u017ee. V\u00a0kategorii 6. a 7. t\u0159\u00edd se bohu\u017eel \u017e\u00e1dn\u00ed z\u00e1jemci nep\u0159ihl\u00e1sili, ale ve vy\u0161\u0161\u00ed\u00a0kategorii 8. a 9. t\u0159\u00edd p\u0159edvedly v\u0161echny \u017e\u00e1kyn\u011b velmi p\u011bkn\u00e9 v\u00fdkony. Nakonec zv\u00edt\u011bzila Kl\u00e1ra Mal\u00e1tov\u00e1 z\u00a08.B, kter\u00e1 n\u00e1s bude reprezentovat v dal\u0161\u00edm kole. Na 2. m\u00edst\u011b se um\u00edstily Denisa Barto\u0161ov\u00e1 z\u00a08.A a [&hellip;]<\/p>\n","protected":false},"author":22,"featured_media":0,"comment_status":"closed","ping_status":"closed","sticky":false,"template":"","format":"standard","meta":{"ngg_post_thumbnail":0,"footnotes":""},"categories":[1],"tags":[],"class_list":["post-5780","post","type-post","status-publish","format-standard","hentry","category-aktuality"],"_links":{"self":[{"href":"https:\/\/www.zsben.cz\/wordpress\/index.php?rest_route=\/wp\/v2\/posts\/5780","targetHints":{"allow":["GET"]}}],"collection":[{"href":"https:\/\/www.zsben.cz\/wordpress\/index.php?rest_route=\/wp\/v2\/posts"}],"about":[{"href":"https:\/\/www.zsben.cz\/wordpress\/index.php?rest_route=\/wp\/v2\/types\/post"}],"author":[{"embeddable":true,"href":"https:\/\/www.zsben.cz\/wordpress\/index.php?rest_route=\/wp\/v2\/users\/22"}],"replies":[{"embeddable":true,"href":"https:\/\/www.zsben.cz\/wordpress\/index.php?rest_route=%2Fwp%2Fv2%2Fcomments&post=5780"}],"version-history":[{"count":1,"href":"https:\/\/www.zsben.cz\/wordpress\/index.php?rest_route=\/wp\/v2\/posts\/5780\/revisions"}],"predecessor-version":[{"id":5781,"href":"https:\/\/www.zsben.cz\/wordpress\/index.php?rest_route=\/wp\/v2\/posts\/5780\/revisions\/5781"}],"wp:attachment":[{"href":"https:\/\/www.zsben.cz\/wordpress\/index.php?rest_route=%2Fwp%2Fv2%2Fmedia&parent=5780"}],"wp:term":[{"taxonomy":"category","embeddable":true,"href":"https:\/\/www.zsben.cz\/wordpress\/index.php?rest_route=%2Fwp%2Fv2%2Fcategories&post=5780"},{"taxonomy":"post_tag","embeddable":true,"href":"https:\/\/www.zsben.cz\/wordpress\/index.php?rest_route=%2Fwp%2Fv2%2Ftags&post=5780"}],"curies":[{"name":"wp","href":"https:\/\/api.w.org\/{rel}","templated":true}]}}