{"id":5658,"date":"2013-12-20T11:17:28","date_gmt":"2013-12-20T10:17:28","guid":{"rendered":"http:\/\/www.zsben.cz\/wordpress\/?p=5658"},"modified":"2013-12-20T11:17:28","modified_gmt":"2013-12-20T10:17:28","slug":"vanoce-pro-opustene-pejsky-2","status":"publish","type":"post","link":"https:\/\/www.zsben.cz\/wordpress\/?p=5658","title":{"rendered":"V\u00c1NOCE   PRO   OPU\u0160T\u011aN\u00c9   PEJSKY"},"content":{"rendered":"<p>Stejn\u011b jako loni uspo\u0159\u00e1dala i letos na\u0161e t\u0159\u00edda 7.C v\u00e1no\u010dn\u00ed sb\u00edrku pro opu\u0161t\u011bn\u00e9 pejsky. Cel\u00fd prosinec jsme vyb\u00edrali pi\u0161koty, konzervy a dal\u0161\u00ed dobr\u016ftky, abychom je spole\u010dn\u011b 18. 12. mohli za pomoci ochotn\u00e9 maminky dopravit do Mar\u0161ovic do ps\u00edho \u00fatulku. I kdy\u017e byla zrovna dost velk\u00e1 zima, n\u00e1v\u0161t\u011bva se vyda\u0159ila. Pejsci n\u00e1s radostn\u011b p\u0159iv\u00edtali a my si s\u00a0nimi u\u017eili kr\u00e1sn\u00e9 dopoledne. Dom\u016f jsme se vraceli s pocitem, \u017ee jsme ud\u011blali n\u011bco hezk\u00e9ho a pomohli tam, kde to je pot\u0159eba. Moc d\u011bkujeme v\u0161em, kte\u0159\u00ed do na\u0161\u00ed sb\u00edrky p\u0159isp\u011bli, proto\u017ee i pejsci si zaslou\u017e\u00ed kr\u00e1sn\u00e9 V\u00e1noce.<\/p>\n<p>\u017d\u00e1ci 7.C<\/p>\nngg_shortcode_0_placeholder\n<div class=\"fcbkbttn_buttons_block\" id=\"fcbkbttn_left\"><div class=\"fcbkbttn_like \"><div class=\"fb-like fb-like-button_count\" data-href=\"https:\/\/www.zsben.cz\/wordpress\/?p=5658\" data-colorscheme=\"light\" data-layout=\"button_count\" data-action=\"like\"  data-size=\"small\"><\/div><\/div><div class=\"fb-share-button  \" data-href=\"https:\/\/www.zsben.cz\/wordpress\/?p=5658\" data-type=\"button_count\" data-size=\"small\"><\/div><\/div>","protected":false},"excerpt":{"rendered":"<p>Stejn\u011b jako loni uspo\u0159\u00e1dala i letos na\u0161e t\u0159\u00edda 7.C v\u00e1no\u010dn\u00ed sb\u00edrku pro opu\u0161t\u011bn\u00e9 pejsky. Cel\u00fd prosinec jsme vyb\u00edrali pi\u0161koty, konzervy a dal\u0161\u00ed dobr\u016ftky, abychom je spole\u010dn\u011b 18. 12. mohli za pomoci ochotn\u00e9 maminky dopravit do Mar\u0161ovic do ps\u00edho \u00fatulku. I kdy\u017e byla zrovna dost velk\u00e1 zima, n\u00e1v\u0161t\u011bva se vyda\u0159ila. Pejsci n\u00e1s radostn\u011b p\u0159iv\u00edtali a my [&hellip;]<\/p>\n","protected":false},"author":18,"featured_media":0,"comment_status":"closed","ping_status":"closed","sticky":false,"template":"","format":"standard","meta":{"ngg_post_thumbnail":0,"footnotes":""},"categories":[1],"tags":[],"class_list":["post-5658","post","type-post","status-publish","format-standard","hentry","category-aktuality"],"_links":{"self":[{"href":"https:\/\/www.zsben.cz\/wordpress\/index.php?rest_route=\/wp\/v2\/posts\/5658","targetHints":{"allow":["GET"]}}],"collection":[{"href":"https:\/\/www.zsben.cz\/wordpress\/index.php?rest_route=\/wp\/v2\/posts"}],"about":[{"href":"https:\/\/www.zsben.cz\/wordpress\/index.php?rest_route=\/wp\/v2\/types\/post"}],"author":[{"embeddable":true,"href":"https:\/\/www.zsben.cz\/wordpress\/index.php?rest_route=\/wp\/v2\/users\/18"}],"replies":[{"embeddable":true,"href":"https:\/\/www.zsben.cz\/wordpress\/index.php?rest_route=%2Fwp%2Fv2%2Fcomments&post=5658"}],"version-history":[{"count":3,"href":"https:\/\/www.zsben.cz\/wordpress\/index.php?rest_route=\/wp\/v2\/posts\/5658\/revisions"}],"predecessor-version":[{"id":5661,"href":"https:\/\/www.zsben.cz\/wordpress\/index.php?rest_route=\/wp\/v2\/posts\/5658\/revisions\/5661"}],"wp:attachment":[{"href":"https:\/\/www.zsben.cz\/wordpress\/index.php?rest_route=%2Fwp%2Fv2%2Fmedia&parent=5658"}],"wp:term":[{"taxonomy":"category","embeddable":true,"href":"https:\/\/www.zsben.cz\/wordpress\/index.php?rest_route=%2Fwp%2Fv2%2Fcategories&post=5658"},{"taxonomy":"post_tag","embeddable":true,"href":"https:\/\/www.zsben.cz\/wordpress\/index.php?rest_route=%2Fwp%2Fv2%2Ftags&post=5658"}],"curies":[{"name":"wp","href":"https:\/\/api.w.org\/{rel}","templated":true}]}}