{"id":5641,"date":"2013-12-17T14:19:12","date_gmt":"2013-12-17T13:19:12","guid":{"rendered":"http:\/\/www.zsben.cz\/wordpress\/?p=5641"},"modified":"2013-12-17T14:19:12","modified_gmt":"2013-12-17T13:19:12","slug":"zdobeni-stromecku-sd","status":"publish","type":"post","link":"https:\/\/www.zsben.cz\/wordpress\/?p=5641","title":{"rendered":"Zdoben\u00ed strome\u010dku &#8211; \u0160D"},"content":{"rendered":"<p>V\u00a0p\u00e1tek 6. 12. 2013 se pan\u00ed vychovatelky Miroslava Nov\u00e1kov\u00e1 a Vendula Ju\u0159\u00ed\u010dkov\u00e1 s\u00a0d\u011btmi ze \u0161koln\u00ed dru\u017einy p\u0159i Z\u0160 Bene\u0161ov, Dukelsk\u00e1 1818 vydaly na m\u011bstskou radnici. \u00a0Spole\u010dn\u011b za na\u0161\u00ed \u0161kolu zde ozdobili mal\u00fd strome\u010dek, v \u00a0r\u00e1mci v\u00e1no\u010dn\u00ed v\u00fdstavy, kter\u00e1 se kon\u00e1 od 7. do 18. 12. 2013 ve sklepn\u00edch prostor\u00e1ch radnice. Po v\u0159el\u00e9m p\u0159iv\u00edt\u00e1n\u00ed\u00a0 Bc. Petrou Ors\u00e1kovou jsme za\u010dali zdobit.\u00a0 P\u0159i pr\u00e1ci jsme poslouchali a zp\u00edvali koledy, kter\u00e9 vytv\u00e1\u0159ely dokonalou v\u00e1no\u010dn\u00ed atmosf\u00e9ru. Z\u00e1v\u011brem n\u00e1s \u010dekala sladk\u00e1 te\u010dka v\u00a0podob\u011b l\u00edz\u00e1tek. D\u011bkujeme za p\u0159\u00edjemn\u011b str\u00e1ven\u00e9 odpoledne.<\/p>\n<p>\u00a0Mgr. Vendula Ju\u0159\u00ed\u010dkov\u00e1\u00a0 (vedouc\u00ed \u0160D) a Miroslava Nov\u00e1kov\u00e1 (vychovatelka \u0160D)<\/p>\nngg_shortcode_0_placeholder\n<div class=\"fcbkbttn_buttons_block\" id=\"fcbkbttn_left\"><div class=\"fcbkbttn_like \"><div class=\"fb-like fb-like-button_count\" data-href=\"https:\/\/www.zsben.cz\/wordpress\/?p=5641\" data-colorscheme=\"light\" data-layout=\"button_count\" data-action=\"like\"  data-size=\"small\"><\/div><\/div><div class=\"fb-share-button  \" data-href=\"https:\/\/www.zsben.cz\/wordpress\/?p=5641\" data-type=\"button_count\" data-size=\"small\"><\/div><\/div>","protected":false},"excerpt":{"rendered":"<p>V\u00a0p\u00e1tek 6. 12. 2013 se pan\u00ed vychovatelky Miroslava Nov\u00e1kov\u00e1 a Vendula Ju\u0159\u00ed\u010dkov\u00e1 s\u00a0d\u011btmi ze \u0161koln\u00ed dru\u017einy p\u0159i Z\u0160 Bene\u0161ov, Dukelsk\u00e1 1818 vydaly na m\u011bstskou radnici. \u00a0Spole\u010dn\u011b za na\u0161\u00ed \u0161kolu zde ozdobili mal\u00fd strome\u010dek, v \u00a0r\u00e1mci v\u00e1no\u010dn\u00ed v\u00fdstavy, kter\u00e1 se kon\u00e1 od 7. do 18. 12. 2013 ve sklepn\u00edch prostor\u00e1ch radnice. Po v\u0159el\u00e9m p\u0159iv\u00edt\u00e1n\u00ed\u00a0 Bc. Petrou [&hellip;]<\/p>\n","protected":false},"author":18,"featured_media":0,"comment_status":"closed","ping_status":"closed","sticky":false,"template":"","format":"standard","meta":{"ngg_post_thumbnail":0,"footnotes":""},"categories":[1],"tags":[],"class_list":["post-5641","post","type-post","status-publish","format-standard","hentry","category-aktuality"],"_links":{"self":[{"href":"https:\/\/www.zsben.cz\/wordpress\/index.php?rest_route=\/wp\/v2\/posts\/5641","targetHints":{"allow":["GET"]}}],"collection":[{"href":"https:\/\/www.zsben.cz\/wordpress\/index.php?rest_route=\/wp\/v2\/posts"}],"about":[{"href":"https:\/\/www.zsben.cz\/wordpress\/index.php?rest_route=\/wp\/v2\/types\/post"}],"author":[{"embeddable":true,"href":"https:\/\/www.zsben.cz\/wordpress\/index.php?rest_route=\/wp\/v2\/users\/18"}],"replies":[{"embeddable":true,"href":"https:\/\/www.zsben.cz\/wordpress\/index.php?rest_route=%2Fwp%2Fv2%2Fcomments&post=5641"}],"version-history":[{"count":2,"href":"https:\/\/www.zsben.cz\/wordpress\/index.php?rest_route=\/wp\/v2\/posts\/5641\/revisions"}],"predecessor-version":[{"id":5643,"href":"https:\/\/www.zsben.cz\/wordpress\/index.php?rest_route=\/wp\/v2\/posts\/5641\/revisions\/5643"}],"wp:attachment":[{"href":"https:\/\/www.zsben.cz\/wordpress\/index.php?rest_route=%2Fwp%2Fv2%2Fmedia&parent=5641"}],"wp:term":[{"taxonomy":"category","embeddable":true,"href":"https:\/\/www.zsben.cz\/wordpress\/index.php?rest_route=%2Fwp%2Fv2%2Fcategories&post=5641"},{"taxonomy":"post_tag","embeddable":true,"href":"https:\/\/www.zsben.cz\/wordpress\/index.php?rest_route=%2Fwp%2Fv2%2Ftags&post=5641"}],"curies":[{"name":"wp","href":"https:\/\/api.w.org\/{rel}","templated":true}]}}