{"id":5633,"date":"2013-12-13T22:06:39","date_gmt":"2013-12-13T21:06:39","guid":{"rendered":"http:\/\/www.zsben.cz\/wordpress\/?p=5633"},"modified":"2013-12-13T22:06:39","modified_gmt":"2013-12-13T21:06:39","slug":"vanocni-jarmark-6","status":"publish","type":"post","link":"https:\/\/www.zsben.cz\/wordpress\/?p=5633","title":{"rendered":"V\u00c1NO\u010cN\u00cd JARMARK"},"content":{"rendered":"<p align=\"center\">\u00a0\u00a0\u00a0\u00a0\u00a0\u00a0\u00a0\u00a0 Dne 10. prosince 2013 se <strong>ji\u017e p\u00e1t\u00fdm rokem<\/strong> uskute\u010dnil na Z\u0160 Bene\u0161ov, Dukelsk\u00e1 V\u00c1NO\u010cN\u00cd JARMARK, po\u0159\u00e1dan\u00fd \u0161kolou spole\u010dn\u011b s\u00a0Uni\u00ed rodi\u010d\u016f. \u00davodem vystoupil p\u011bveck\u00fd sbor \u017e\u00e1k\u016f pod veden\u00edm p. u\u010ditele Ji\u0159\u00edho Doubka. D\u00e1le byl program jarmarku zpest\u0159en \u017e\u00e1ky dramatick\u00e9ho krou\u017eku \u00a0pod veden\u00edm pan\u00ed u\u010ditelky Ivy Pallov\u00e9.\u00a0 N\u00e1v\u0161t\u011bvn\u00edci si mohli nejen prohl\u00e9dnout, ale i za symbolickou cenu zakoupit v\u00fdrobky na\u0161ich \u017e\u00e1k\u016f \u2013 nap\u0159. pern\u00ed\u010dky, keramick\u00e9 rybi\u010dky, vy\u0161\u00edvan\u00e9 ozdoby, zdoben\u00e9 krabi\u010dky a dal\u0161\u00ed v\u00e1no\u010dn\u00ed dekorace z p\u0159\u00edrodnin. Z v\u00fdt\u011b\u017eku <strong>p\u0159isp\u00edv\u00e1me na\u00a0 vzd\u011bl\u00e1n\u00ed indick\u00e9mu chlapci<\/strong> a tak\u00e9 <strong>p\u0159isp\u00edv\u00e1me na \u017eivot ocelota stromov\u00e9ho v pra\u017esk\u00e9 ZOO<\/strong>. Ka\u017ed\u00fd si mohl podle z\u00e1jmu vyzkou\u0161et pr\u00e1ci s\u00a0pedigem, s tvrdnouc\u00ed hmotou, zdoben\u00ed pern\u00ed\u010dk\u016f, ubrouskovou techniku \u010di nazdobit si v\u00e1no\u010dn\u00ed sv\u00edcen Bylo p\u0159ipraveno i ob\u010derstven\u00ed v\u00a0podob\u011b cukrov\u00ed, kter\u00e9 napekly \u0161ikovn\u00e9 maminky a babi\u010dky na\u0161ich \u017e\u00e1k\u016f.<\/p>\n<p>\u00a0\u00a0\u00a0<strong>Za velk\u00fd z\u00e1jem a podporu na\u0161eho jarmarku v\u0161em d\u011bkujeme a t\u011b\u0161\u00edme se op\u011bt na va\u0161i \u00fa\u010dast i v p\u0159\u00ed\u0161t\u00edm roce.<\/strong><\/p>\n<p>\u00a0\u00a0\u00a0\u00a0\u00a0\u00a0\u00a0\u00a0\u00a0\u00a0\u00a0\u00a0\u00a0\u00a0\u00a0\u00a0\u00a0\u00a0\u00a0\u00a0\u00a0\u00a0\u00a0\u00a0\u00a0\u00a0\u00a0\u00a0\u00a0\u00a0\u00a0\u00a0\u00a0\u00a0\u00a0\u00a0\u00a0\u00a0\u00a0\u00a0\u00a0\u00a0\u00a0\u00a0\u00a0\u00a0 (Michaela Bene\u0161ov\u00e1 \u2013 redak\u010dn\u00ed rada Labyrint)<\/p>\n<p style=\"text-align: center\">ngg_shortcode_0_placeholder<\/p>\n<div class=\"fcbkbttn_buttons_block\" id=\"fcbkbttn_left\"><div class=\"fcbkbttn_like \"><div class=\"fb-like fb-like-button_count\" data-href=\"https:\/\/www.zsben.cz\/wordpress\/?p=5633\" data-colorscheme=\"light\" data-layout=\"button_count\" data-action=\"like\"  data-size=\"small\"><\/div><\/div><div class=\"fb-share-button  \" data-href=\"https:\/\/www.zsben.cz\/wordpress\/?p=5633\" data-type=\"button_count\" data-size=\"small\"><\/div><\/div>","protected":false},"excerpt":{"rendered":"<p>\u00a0\u00a0\u00a0\u00a0\u00a0\u00a0\u00a0\u00a0 Dne 10. prosince 2013 se ji\u017e p\u00e1t\u00fdm rokem uskute\u010dnil na Z\u0160 Bene\u0161ov, Dukelsk\u00e1 V\u00c1NO\u010cN\u00cd JARMARK, po\u0159\u00e1dan\u00fd \u0161kolou spole\u010dn\u011b s\u00a0Uni\u00ed rodi\u010d\u016f. \u00davodem vystoupil p\u011bveck\u00fd sbor \u017e\u00e1k\u016f pod veden\u00edm p. u\u010ditele Ji\u0159\u00edho Doubka. D\u00e1le byl program jarmarku zpest\u0159en \u017e\u00e1ky dramatick\u00e9ho krou\u017eku \u00a0pod veden\u00edm pan\u00ed u\u010ditelky Ivy Pallov\u00e9.\u00a0 N\u00e1v\u0161t\u011bvn\u00edci si mohli nejen prohl\u00e9dnout, ale i za symbolickou [&hellip;]<\/p>\n","protected":false},"author":15,"featured_media":0,"comment_status":"closed","ping_status":"closed","sticky":false,"template":"","format":"standard","meta":{"ngg_post_thumbnail":0,"footnotes":""},"categories":[1],"tags":[],"class_list":["post-5633","post","type-post","status-publish","format-standard","hentry","category-aktuality"],"_links":{"self":[{"href":"https:\/\/www.zsben.cz\/wordpress\/index.php?rest_route=\/wp\/v2\/posts\/5633","targetHints":{"allow":["GET"]}}],"collection":[{"href":"https:\/\/www.zsben.cz\/wordpress\/index.php?rest_route=\/wp\/v2\/posts"}],"about":[{"href":"https:\/\/www.zsben.cz\/wordpress\/index.php?rest_route=\/wp\/v2\/types\/post"}],"author":[{"embeddable":true,"href":"https:\/\/www.zsben.cz\/wordpress\/index.php?rest_route=\/wp\/v2\/users\/15"}],"replies":[{"embeddable":true,"href":"https:\/\/www.zsben.cz\/wordpress\/index.php?rest_route=%2Fwp%2Fv2%2Fcomments&post=5633"}],"version-history":[{"count":3,"href":"https:\/\/www.zsben.cz\/wordpress\/index.php?rest_route=\/wp\/v2\/posts\/5633\/revisions"}],"predecessor-version":[{"id":5636,"href":"https:\/\/www.zsben.cz\/wordpress\/index.php?rest_route=\/wp\/v2\/posts\/5633\/revisions\/5636"}],"wp:attachment":[{"href":"https:\/\/www.zsben.cz\/wordpress\/index.php?rest_route=%2Fwp%2Fv2%2Fmedia&parent=5633"}],"wp:term":[{"taxonomy":"category","embeddable":true,"href":"https:\/\/www.zsben.cz\/wordpress\/index.php?rest_route=%2Fwp%2Fv2%2Fcategories&post=5633"},{"taxonomy":"post_tag","embeddable":true,"href":"https:\/\/www.zsben.cz\/wordpress\/index.php?rest_route=%2Fwp%2Fv2%2Ftags&post=5633"}],"curies":[{"name":"wp","href":"https:\/\/api.w.org\/{rel}","templated":true}]}}