{"id":5514,"date":"2013-10-25T11:05:38","date_gmt":"2013-10-25T10:05:38","guid":{"rendered":"http:\/\/www.zsben.cz\/wordpress\/?p=5514"},"modified":"2013-10-25T11:05:38","modified_gmt":"2013-10-25T10:05:38","slug":"o-neveklovsky-mesec-5","status":"publish","type":"post","link":"https:\/\/www.zsben.cz\/wordpress\/?p=5514","title":{"rendered":"O neveklovsk\u00fd m\u011b\u0161ec"},"content":{"rendered":"<p>Dne 24.10.2013 prob\u011bhl v Neveklov\u011b florbalov\u00fd turnaj \u2013 kategorie d\u00edvky. Dru\u017estvo\u00a0ve slo\u017een\u00ed\u00a0\u00a0Hana Markov\u00e1, Karol\u00edna Such\u00e1nkov\u00e1, Ilona Bo\u0165ov\u00e1, Pavla Klab\u00edkov\u00e1, Ane\u017eka Ve\u010derov\u00e1, Eli\u0161ka Malknechtov\u00e1, Barbora \u017d\u00ed\u017ealov\u00e1, Kate\u0159ina Lehock\u00e1, Tereza \u0160imon\u00edkov\u00e1, Karol\u00edna \u0160imon\u00edkov\u00e1, Zuzana \u010cern\u00e1, Barbora Hetmanov\u00e1 a\u00a0 Lucie Dvo\u0159\u00e1kov\u00e1\u00a0 do\u0161lo a\u017e do fin\u00e1le a um\u00edstilo se na kr\u00e1sn\u00e9m 2. m\u00edst\u011b. V\u0161em reprezentantk\u00e1m blahop\u0159ejeme.<\/p>\n<div class=\"fcbkbttn_buttons_block\" id=\"fcbkbttn_left\"><div class=\"fcbkbttn_like \"><div class=\"fb-like fb-like-button_count\" data-href=\"https:\/\/www.zsben.cz\/wordpress\/?p=5514\" data-colorscheme=\"light\" data-layout=\"button_count\" data-action=\"like\"  data-size=\"small\"><\/div><\/div><div class=\"fb-share-button  \" data-href=\"https:\/\/www.zsben.cz\/wordpress\/?p=5514\" data-type=\"button_count\" data-size=\"small\"><\/div><\/div>","protected":false},"excerpt":{"rendered":"<p>Dne 24.10.2013 prob\u011bhl v Neveklov\u011b florbalov\u00fd turnaj \u2013 kategorie d\u00edvky. Dru\u017estvo\u00a0ve slo\u017een\u00ed\u00a0\u00a0Hana Markov\u00e1, Karol\u00edna Such\u00e1nkov\u00e1, Ilona Bo\u0165ov\u00e1, Pavla Klab\u00edkov\u00e1, Ane\u017eka Ve\u010derov\u00e1, Eli\u0161ka Malknechtov\u00e1, Barbora \u017d\u00ed\u017ealov\u00e1, Kate\u0159ina Lehock\u00e1, Tereza \u0160imon\u00edkov\u00e1, Karol\u00edna \u0160imon\u00edkov\u00e1, Zuzana \u010cern\u00e1, Barbora Hetmanov\u00e1 a\u00a0 Lucie Dvo\u0159\u00e1kov\u00e1\u00a0 do\u0161lo a\u017e do fin\u00e1le a um\u00edstilo se na kr\u00e1sn\u00e9m 2. m\u00edst\u011b. V\u0161em reprezentantk\u00e1m blahop\u0159ejeme.<\/p>\n","protected":false},"author":18,"featured_media":0,"comment_status":"closed","ping_status":"closed","sticky":false,"template":"","format":"standard","meta":{"ngg_post_thumbnail":0,"footnotes":""},"categories":[1],"tags":[],"class_list":["post-5514","post","type-post","status-publish","format-standard","hentry","category-aktuality"],"_links":{"self":[{"href":"https:\/\/www.zsben.cz\/wordpress\/index.php?rest_route=\/wp\/v2\/posts\/5514","targetHints":{"allow":["GET"]}}],"collection":[{"href":"https:\/\/www.zsben.cz\/wordpress\/index.php?rest_route=\/wp\/v2\/posts"}],"about":[{"href":"https:\/\/www.zsben.cz\/wordpress\/index.php?rest_route=\/wp\/v2\/types\/post"}],"author":[{"embeddable":true,"href":"https:\/\/www.zsben.cz\/wordpress\/index.php?rest_route=\/wp\/v2\/users\/18"}],"replies":[{"embeddable":true,"href":"https:\/\/www.zsben.cz\/wordpress\/index.php?rest_route=%2Fwp%2Fv2%2Fcomments&post=5514"}],"version-history":[{"count":1,"href":"https:\/\/www.zsben.cz\/wordpress\/index.php?rest_route=\/wp\/v2\/posts\/5514\/revisions"}],"predecessor-version":[{"id":5515,"href":"https:\/\/www.zsben.cz\/wordpress\/index.php?rest_route=\/wp\/v2\/posts\/5514\/revisions\/5515"}],"wp:attachment":[{"href":"https:\/\/www.zsben.cz\/wordpress\/index.php?rest_route=%2Fwp%2Fv2%2Fmedia&parent=5514"}],"wp:term":[{"taxonomy":"category","embeddable":true,"href":"https:\/\/www.zsben.cz\/wordpress\/index.php?rest_route=%2Fwp%2Fv2%2Fcategories&post=5514"},{"taxonomy":"post_tag","embeddable":true,"href":"https:\/\/www.zsben.cz\/wordpress\/index.php?rest_route=%2Fwp%2Fv2%2Ftags&post=5514"}],"curies":[{"name":"wp","href":"https:\/\/api.w.org\/{rel}","templated":true}]}}