{"id":54956,"date":"2017-05-31T17:58:22","date_gmt":"2017-05-31T15:58:22","guid":{"rendered":"https:\/\/www.zsben.cz\/wordpress\/?p=54956"},"modified":"2017-05-31T17:58:22","modified_gmt":"2017-05-31T15:58:22","slug":"slovensko-2-a-3-den","status":"publish","type":"post","link":"https:\/\/www.zsben.cz\/wordpress\/?p=54956","title":{"rendered":"Slovensko 2. a 3. den"},"content":{"rendered":"<p>V\u010derej\u0161\u00ed den za\u010dal pro v\u0161echny vynikaj\u00edc\u00ed sn\u00eddan\u00ed (ani vaj\u00ed\u010dka a p\u00e1re\u010dky nechyb\u011bly). Pak n\u00e1s \u010dekala&nbsp;cesta vl\u00e1\u010dkem &nbsp;do \u0160trbsk\u00e9ho Plesa a v\u00fdstup na Predn\u00e9 Solisko (2117 m n.m.). P\u0159i zp\u00e1te\u010dn\u00ed cest\u011b jsme si u\u017eili legraci na sn\u011bhu. Ve\u010dern\u00ed bou\u0159ky byly pln\u00e9 kr\u00e1sn\u00fdch blesk\u016f.&nbsp;<\/p>\n<p>Dne\u0161n\u00ed den byl odpo\u010dinkov\u011bj\u0161\u00ed, n\u00e1v\u0161t\u011bva baz\u00e9nu se v\u0161em velmi l\u00edbila.<\/p>\nngg_shortcode_0_placeholder\n<div class=\"fcbkbttn_buttons_block\" id=\"fcbkbttn_left\"><div class=\"fcbkbttn_like \"><div class=\"fb-like fb-like-button_count\" data-href=\"https:\/\/www.zsben.cz\/wordpress\/?p=54956\" data-colorscheme=\"light\" data-layout=\"button_count\" data-action=\"like\"  data-size=\"small\"><\/div><\/div><div class=\"fb-share-button  \" data-href=\"https:\/\/www.zsben.cz\/wordpress\/?p=54956\" data-type=\"button_count\" data-size=\"small\"><\/div><\/div>","protected":false},"excerpt":{"rendered":"<p>V\u010derej\u0161\u00ed den za\u010dal pro v\u0161echny vynikaj\u00edc\u00ed sn\u00eddan\u00ed (ani vaj\u00ed\u010dka a p\u00e1re\u010dky nechyb\u011bly). Pak n\u00e1s \u010dekala&nbsp;cesta vl\u00e1\u010dkem &nbsp;do \u0160trbsk\u00e9ho Plesa a v\u00fdstup na Predn\u00e9 Solisko (2117 m n.m.). P\u0159i zp\u00e1te\u010dn\u00ed cest\u011b jsme si u\u017eili legraci na sn\u011bhu. Ve\u010dern\u00ed bou\u0159ky byly pln\u00e9 kr\u00e1sn\u00fdch blesk\u016f.&nbsp; Dne\u0161n\u00ed den byl odpo\u010dinkov\u011bj\u0161\u00ed, n\u00e1v\u0161t\u011bva baz\u00e9nu se v\u0161em velmi l\u00edbila. &#8221; order_by=&#8221;sortorder&#8221; order_direction=&#8221;ASC&#8221; [&hellip;]<\/p>\n","protected":false},"author":18,"featured_media":0,"comment_status":"closed","ping_status":"closed","sticky":false,"template":"","format":"standard","meta":{"ngg_post_thumbnail":0,"footnotes":""},"categories":[1,10],"tags":[],"class_list":["post-54956","post","type-post","status-publish","format-standard","hentry","category-aktuality","category-telocvik"],"_links":{"self":[{"href":"https:\/\/www.zsben.cz\/wordpress\/index.php?rest_route=\/wp\/v2\/posts\/54956","targetHints":{"allow":["GET"]}}],"collection":[{"href":"https:\/\/www.zsben.cz\/wordpress\/index.php?rest_route=\/wp\/v2\/posts"}],"about":[{"href":"https:\/\/www.zsben.cz\/wordpress\/index.php?rest_route=\/wp\/v2\/types\/post"}],"author":[{"embeddable":true,"href":"https:\/\/www.zsben.cz\/wordpress\/index.php?rest_route=\/wp\/v2\/users\/18"}],"replies":[{"embeddable":true,"href":"https:\/\/www.zsben.cz\/wordpress\/index.php?rest_route=%2Fwp%2Fv2%2Fcomments&post=54956"}],"version-history":[{"count":1,"href":"https:\/\/www.zsben.cz\/wordpress\/index.php?rest_route=\/wp\/v2\/posts\/54956\/revisions"}],"predecessor-version":[{"id":54957,"href":"https:\/\/www.zsben.cz\/wordpress\/index.php?rest_route=\/wp\/v2\/posts\/54956\/revisions\/54957"}],"wp:attachment":[{"href":"https:\/\/www.zsben.cz\/wordpress\/index.php?rest_route=%2Fwp%2Fv2%2Fmedia&parent=54956"}],"wp:term":[{"taxonomy":"category","embeddable":true,"href":"https:\/\/www.zsben.cz\/wordpress\/index.php?rest_route=%2Fwp%2Fv2%2Fcategories&post=54956"},{"taxonomy":"post_tag","embeddable":true,"href":"https:\/\/www.zsben.cz\/wordpress\/index.php?rest_route=%2Fwp%2Fv2%2Ftags&post=54956"}],"curies":[{"name":"wp","href":"https:\/\/api.w.org\/{rel}","templated":true}]}}