{"id":5440,"date":"2013-10-11T20:48:12","date_gmt":"2013-10-11T19:48:12","guid":{"rendered":"http:\/\/www.zsben.cz\/wordpress\/?p=5440"},"modified":"2013-10-11T20:48:12","modified_gmt":"2013-10-11T19:48:12","slug":"adaptacni-kurz-prvnich-trid","status":"publish","type":"post","link":"https:\/\/www.zsben.cz\/wordpress\/?p=5440","title":{"rendered":"Adapta\u010dn\u00ed kurz prvn\u00edch t\u0159\u00edd"},"content":{"rendered":"<p>Ve dnech <strong>26. 9.\u00a0a 27. 9. 2013<\/strong> se \u017e\u00e1ci prvn\u00edho ro\u010dn\u00edku na\u0161\u00ed \u0161koly z\u00fa\u010dastnili adapta\u010dn\u00edho kurzu, kde spolu se sv\u00fdmi t\u0159\u00eddn\u00edmi u\u010ditelkami a vychovatelkami pro\u017eili mnoho spole\u010dn\u00fdch chvil v\u00a0podzimn\u00ed p\u0159\u00edrod\u011b.<\/p>\n<p>Tento kurz byl zam\u011b\u0159en na vz\u00e1jemn\u00e1 seznamov\u00e1n\u00ed a navazov\u00e1n\u00ed kamar\u00e1dsk\u00fdch vztah\u016f, stmelov\u00e1n\u00ed nov\u011b vznikl\u00fdch t\u0159\u00eddn\u00edch kolektiv\u016f.<\/p>\n<p>Ve \u010dtvrtek prv\u0148\u00e1\u010dky \u010dekala <strong>proch\u00e1zka konopi\u0161\u0165sk\u00fdm parkem<\/strong>, kde na n\u011bkolika stanovi\u0161t\u00edch hr\u00e1li hry a plnili zadan\u00e9 \u00fakoly.<\/p>\n<p>V\u00a0p\u00e1tek vyrazili na Novou \u017divoho\u0161\u0165, kde v\u00a0p\u0159\u00edjemn\u00e9m prost\u0159ed\u00ed Junior campu pro\u017eili <strong>den pln\u00fd her a p\u0159ekvapen\u00ed<\/strong>. Pro v\u0161echny to byl neopakovateln\u00fd z\u00e1\u017eitek.<\/p>\n<p>Adapta\u010dn\u00ed kurz maj\u00ed prv\u0148\u00e1ci za sebou. Ve \u0161koln\u00edch lavic\u00edch spolu budou pracovat a d\u00e1le se pozn\u00e1vat n\u011bkolik budouc\u00edch let. V\u0161ichni dob\u0159e odstartovali, tak hur\u00e1 do toho, v\u017edy\u0165 \u0161kola nen\u00ed \u017e\u00e1dn\u00fd stra\u0161\u00e1k.<\/p>\n<p>\u00a0\u00a0\u00a0\u00a0\u00a0\u00a0\u00a0\u00a0\u00a0\u00a0\u00a0\u00a0\u00a0\u00a0\u00a0\u00a0\u00a0\u00a0\u00a0\u00a0\u00a0\u00a0\u00a0\u00a0\u00a0\u00a0\u00a0\u00a0\u00a0\u00a0\u00a0\u00a0\u00a0\u00a0\u00a0\u00a0\u00a0\u00a0\u00a0\u00a0\u00a0\u00a0\u00a0\u00a0\u00a0\u00a0\u00a0\u00a0\u00a0\u00a0\u00a0\u00a0\u00a0\u00a0\u00a0\u00a0\u00a0\u00a0\u00a0\u00a0\u00a0\u00a0\u00a0\u00a0\u00a0\u00a0\u00a0\u00a0\u00a0\u00a0\u00a0\u00a0\u00a0\u00a0\u00a0\u00a0\u00a0\u00a0\u00a0\u00a0\u00a0\u00a0\u00a0\u00a0\u00a0\u00a0\u00a0\u00a0\u00a0\u00a0\u00a0\u00a0\u00a0\u00a0\u00a0\u00a0\u00a0\u00a0\u00a0\u00a0\u00a0\u00a0\u00a0\u00a0\u00a0\u00a0\u00a0\u00a0\u00a0\u00a0\u00a0\u00a0\u00a0\u00a0\u00a0 text: Mgr. Jana \u0160eborov\u00e1<\/p>\n<p style=\"text-align: center\">ngg_shortcode_0_placeholder<\/p>\n<p>&nbsp;<\/p>\n<div class=\"fcbkbttn_buttons_block\" id=\"fcbkbttn_left\"><div class=\"fcbkbttn_like \"><div class=\"fb-like fb-like-button_count\" data-href=\"https:\/\/www.zsben.cz\/wordpress\/?p=5440\" data-colorscheme=\"light\" data-layout=\"button_count\" data-action=\"like\"  data-size=\"small\"><\/div><\/div><div class=\"fb-share-button  \" data-href=\"https:\/\/www.zsben.cz\/wordpress\/?p=5440\" data-type=\"button_count\" data-size=\"small\"><\/div><\/div>","protected":false},"excerpt":{"rendered":"<p>Ve dnech 26. 9.\u00a0a 27. 9. 2013 se \u017e\u00e1ci prvn\u00edho ro\u010dn\u00edku na\u0161\u00ed \u0161koly z\u00fa\u010dastnili adapta\u010dn\u00edho kurzu, kde spolu se sv\u00fdmi t\u0159\u00eddn\u00edmi u\u010ditelkami a vychovatelkami pro\u017eili mnoho spole\u010dn\u00fdch chvil v\u00a0podzimn\u00ed p\u0159\u00edrod\u011b. Tento kurz byl zam\u011b\u0159en na vz\u00e1jemn\u00e1 seznamov\u00e1n\u00ed a navazov\u00e1n\u00ed kamar\u00e1dsk\u00fdch vztah\u016f, stmelov\u00e1n\u00ed nov\u011b vznikl\u00fdch t\u0159\u00eddn\u00edch kolektiv\u016f. Ve \u010dtvrtek prv\u0148\u00e1\u010dky \u010dekala proch\u00e1zka konopi\u0161\u0165sk\u00fdm parkem, kde na [&hellip;]<\/p>\n","protected":false},"author":15,"featured_media":0,"comment_status":"closed","ping_status":"closed","sticky":false,"template":"","format":"standard","meta":{"ngg_post_thumbnail":0,"footnotes":""},"categories":[1],"tags":[],"class_list":["post-5440","post","type-post","status-publish","format-standard","hentry","category-aktuality"],"_links":{"self":[{"href":"https:\/\/www.zsben.cz\/wordpress\/index.php?rest_route=\/wp\/v2\/posts\/5440","targetHints":{"allow":["GET"]}}],"collection":[{"href":"https:\/\/www.zsben.cz\/wordpress\/index.php?rest_route=\/wp\/v2\/posts"}],"about":[{"href":"https:\/\/www.zsben.cz\/wordpress\/index.php?rest_route=\/wp\/v2\/types\/post"}],"author":[{"embeddable":true,"href":"https:\/\/www.zsben.cz\/wordpress\/index.php?rest_route=\/wp\/v2\/users\/15"}],"replies":[{"embeddable":true,"href":"https:\/\/www.zsben.cz\/wordpress\/index.php?rest_route=%2Fwp%2Fv2%2Fcomments&post=5440"}],"version-history":[{"count":5,"href":"https:\/\/www.zsben.cz\/wordpress\/index.php?rest_route=\/wp\/v2\/posts\/5440\/revisions"}],"predecessor-version":[{"id":5445,"href":"https:\/\/www.zsben.cz\/wordpress\/index.php?rest_route=\/wp\/v2\/posts\/5440\/revisions\/5445"}],"wp:attachment":[{"href":"https:\/\/www.zsben.cz\/wordpress\/index.php?rest_route=%2Fwp%2Fv2%2Fmedia&parent=5440"}],"wp:term":[{"taxonomy":"category","embeddable":true,"href":"https:\/\/www.zsben.cz\/wordpress\/index.php?rest_route=%2Fwp%2Fv2%2Fcategories&post=5440"},{"taxonomy":"post_tag","embeddable":true,"href":"https:\/\/www.zsben.cz\/wordpress\/index.php?rest_route=%2Fwp%2Fv2%2Ftags&post=5440"}],"curies":[{"name":"wp","href":"https:\/\/api.w.org\/{rel}","templated":true}]}}