{"id":5399,"date":"2013-09-30T13:01:10","date_gmt":"2013-09-30T12:01:10","guid":{"rendered":"http:\/\/www.zsben.cz\/wordpress\/?p=5399"},"modified":"2013-09-30T13:01:38","modified_gmt":"2013-09-30T12:01:38","slug":"in-line-okresni-finale","status":"publish","type":"post","link":"https:\/\/www.zsben.cz\/wordpress\/?p=5399","title":{"rendered":"In-line Okresn\u00ed fin\u00e1le"},"content":{"rendered":"<p>dne \u00a025.9. 2013 prob\u011bhlo v Byst\u0159ici okresn\u00ed fin\u00e1le in-line.<\/p>\n<p>Na\u0161e \u0161kola se tak\u00e9 z\u00fa\u010dastnila a 3 \u017e\u00e1ci postouili do krajsk\u00e9ho fin\u00e1le.<\/p>\n<p>V\u00fdsledky a fotografie naleznete v p\u0159ilo\u017een\u00fdch souborech.<\/p>\n<p>V\u0161em d\u011bkujeme za reprezentaci.<\/p>\nngg_shortcode_0_placeholder\n<p class=\"gde-text\"><a href=\"http:\/\/www.zsben.cz\/wordpress\/wp-content\/uploads\/2013\/09\/konecne-poradi-po-obou-disciplinach-v-in-line-brusli-2013.doc\" class=\"gde-link\" onClick=\"_gaq.push(['_trackEvent', 'Google Doc Embedder', 'St\u00e1hnout', this.href]);\">St\u00e1hnout (DOC, 31KB)<\/a><\/p>\n<iframe src=\"\/\/docs.google.com\/viewer?url=http%3A%2F%2Fwww.zsben.cz%2Fwordpress%2Fwp-content%2Fuploads%2F2013%2F09%2Fkonecne-poradi-po-obou-disciplinach-v-in-line-brusli-2013.doc&hl=cs&embedded=true\" class=\"gde-frame\" style=\"width:100%; height:700px; border: none;\" scrolling=\"no\"><\/iframe>\n<div class=\"fcbkbttn_buttons_block\" id=\"fcbkbttn_left\"><div class=\"fcbkbttn_like \"><div class=\"fb-like fb-like-button_count\" data-href=\"https:\/\/www.zsben.cz\/wordpress\/?p=5399\" data-colorscheme=\"light\" data-layout=\"button_count\" data-action=\"like\"  data-size=\"small\"><\/div><\/div><div class=\"fb-share-button  \" data-href=\"https:\/\/www.zsben.cz\/wordpress\/?p=5399\" data-type=\"button_count\" data-size=\"small\"><\/div><\/div>","protected":false},"excerpt":{"rendered":"<p>dne \u00a025.9. 2013 prob\u011bhlo v Byst\u0159ici okresn\u00ed fin\u00e1le in-line. Na\u0161e \u0161kola se tak\u00e9 z\u00fa\u010dastnila a 3 \u017e\u00e1ci postouili do krajsk\u00e9ho fin\u00e1le. V\u00fdsledky a fotografie naleznete v p\u0159ilo\u017een\u00fdch souborech. V\u0161em d\u011bkujeme za reprezentaci.<\/p>\n","protected":false},"author":4,"featured_media":0,"comment_status":"closed","ping_status":"closed","sticky":false,"template":"","format":"standard","meta":{"ngg_post_thumbnail":0,"footnotes":""},"categories":[1,10],"tags":[],"class_list":["post-5399","post","type-post","status-publish","format-standard","hentry","category-aktuality","category-telocvik"],"_links":{"self":[{"href":"https:\/\/www.zsben.cz\/wordpress\/index.php?rest_route=\/wp\/v2\/posts\/5399","targetHints":{"allow":["GET"]}}],"collection":[{"href":"https:\/\/www.zsben.cz\/wordpress\/index.php?rest_route=\/wp\/v2\/posts"}],"about":[{"href":"https:\/\/www.zsben.cz\/wordpress\/index.php?rest_route=\/wp\/v2\/types\/post"}],"author":[{"embeddable":true,"href":"https:\/\/www.zsben.cz\/wordpress\/index.php?rest_route=\/wp\/v2\/users\/4"}],"replies":[{"embeddable":true,"href":"https:\/\/www.zsben.cz\/wordpress\/index.php?rest_route=%2Fwp%2Fv2%2Fcomments&post=5399"}],"version-history":[{"count":4,"href":"https:\/\/www.zsben.cz\/wordpress\/index.php?rest_route=\/wp\/v2\/posts\/5399\/revisions"}],"predecessor-version":[{"id":5406,"href":"https:\/\/www.zsben.cz\/wordpress\/index.php?rest_route=\/wp\/v2\/posts\/5399\/revisions\/5406"}],"wp:attachment":[{"href":"https:\/\/www.zsben.cz\/wordpress\/index.php?rest_route=%2Fwp%2Fv2%2Fmedia&parent=5399"}],"wp:term":[{"taxonomy":"category","embeddable":true,"href":"https:\/\/www.zsben.cz\/wordpress\/index.php?rest_route=%2Fwp%2Fv2%2Fcategories&post=5399"},{"taxonomy":"post_tag","embeddable":true,"href":"https:\/\/www.zsben.cz\/wordpress\/index.php?rest_route=%2Fwp%2Fv2%2Ftags&post=5399"}],"curies":[{"name":"wp","href":"https:\/\/api.w.org\/{rel}","templated":true}]}}