{"id":53947,"date":"2017-05-25T14:46:51","date_gmt":"2017-05-25T12:46:51","guid":{"rendered":"https:\/\/www.zsben.cz\/wordpress\/?p=53947"},"modified":"2017-05-25T14:46:51","modified_gmt":"2017-05-25T12:46:51","slug":"krajske-finale-atletiky-kolin","status":"publish","type":"post","link":"https:\/\/www.zsben.cz\/wordpress\/?p=53947","title":{"rendered":"Krajsk\u00e9 fin\u00e1le atletiky Kol\u00edn"},"content":{"rendered":"<p>Ve st\u0159edu 24. 5. prob\u011bhlo v Kol\u00edn\u011b krajsk\u00e9 fin\u00e1le atletiky, kter\u00e9ho &nbsp;se z\u00fa\u010dastnila i na\u0161e \u0161kola.<\/p>\n<p>V\u0161ichni podali vynikaj\u00edc\u00ed v\u00fdkony, kter\u00e9 se pak odrazily na celkov\u00e9m um\u00edst\u011bn\u00ed.<\/p>\n<p>Mlad\u0161\u00ed d\u00edvky se um\u00edstily na 6. m\u00edst\u011b, mlad\u0161\u00ed chlapci na 4. m\u00edst\u011b a star\u0161\u00edm d\u00edvk\u00e1m se poda\u0159ilo cel\u00e9 krajsk\u00e9 fin\u00e1le VYHR\u00c1T!!!<\/p>\n<p>Bohu\u017eel celkov\u00fd po\u010det bod\u016f jim nesta\u010dil k postupu na Republikov\u00e9 fin\u00e1le, kam postupuje pouze 6 nejlep\u0161\u00edch dru\u017estev s nejv\u011bt\u0161\u00edm po\u010dtem bod\u016f.<\/p>\n<p>&nbsp;<\/p>\n<p>V\u0161em moc a moc gratulujeme a t\u011b\u0161\u00edme se na dal\u0161\u00ed kr\u00e1sn\u00e9 sportovn\u00ed \u00fasp\u011bchy.<\/p>\nngg_shortcode_0_placeholder\n<div class=\"fcbkbttn_buttons_block\" id=\"fcbkbttn_left\"><div class=\"fcbkbttn_like \"><div class=\"fb-like fb-like-button_count\" data-href=\"https:\/\/www.zsben.cz\/wordpress\/?p=53947\" data-colorscheme=\"light\" data-layout=\"button_count\" data-action=\"like\"  data-size=\"small\"><\/div><\/div><div class=\"fb-share-button  \" data-href=\"https:\/\/www.zsben.cz\/wordpress\/?p=53947\" data-type=\"button_count\" data-size=\"small\"><\/div><\/div>","protected":false},"excerpt":{"rendered":"<p>Ve st\u0159edu 24. 5. prob\u011bhlo v Kol\u00edn\u011b krajsk\u00e9 fin\u00e1le atletiky, kter\u00e9ho &nbsp;se z\u00fa\u010dastnila i na\u0161e \u0161kola. V\u0161ichni podali vynikaj\u00edc\u00ed v\u00fdkony, kter\u00e9 se pak odrazily na celkov\u00e9m um\u00edst\u011bn\u00ed. Mlad\u0161\u00ed d\u00edvky se um\u00edstily na 6. m\u00edst\u011b, mlad\u0161\u00ed chlapci na 4. m\u00edst\u011b a star\u0161\u00edm d\u00edvk\u00e1m se poda\u0159ilo cel\u00e9 krajsk\u00e9 fin\u00e1le VYHR\u00c1T!!! Bohu\u017eel celkov\u00fd po\u010det bod\u016f jim nesta\u010dil k [&hellip;]<\/p>\n","protected":false},"author":4,"featured_media":0,"comment_status":"closed","ping_status":"closed","sticky":false,"template":"","format":"standard","meta":{"ngg_post_thumbnail":0,"footnotes":""},"categories":[1,10],"tags":[],"class_list":["post-53947","post","type-post","status-publish","format-standard","hentry","category-aktuality","category-telocvik"],"_links":{"self":[{"href":"https:\/\/www.zsben.cz\/wordpress\/index.php?rest_route=\/wp\/v2\/posts\/53947","targetHints":{"allow":["GET"]}}],"collection":[{"href":"https:\/\/www.zsben.cz\/wordpress\/index.php?rest_route=\/wp\/v2\/posts"}],"about":[{"href":"https:\/\/www.zsben.cz\/wordpress\/index.php?rest_route=\/wp\/v2\/types\/post"}],"author":[{"embeddable":true,"href":"https:\/\/www.zsben.cz\/wordpress\/index.php?rest_route=\/wp\/v2\/users\/4"}],"replies":[{"embeddable":true,"href":"https:\/\/www.zsben.cz\/wordpress\/index.php?rest_route=%2Fwp%2Fv2%2Fcomments&post=53947"}],"version-history":[{"count":1,"href":"https:\/\/www.zsben.cz\/wordpress\/index.php?rest_route=\/wp\/v2\/posts\/53947\/revisions"}],"predecessor-version":[{"id":53948,"href":"https:\/\/www.zsben.cz\/wordpress\/index.php?rest_route=\/wp\/v2\/posts\/53947\/revisions\/53948"}],"wp:attachment":[{"href":"https:\/\/www.zsben.cz\/wordpress\/index.php?rest_route=%2Fwp%2Fv2%2Fmedia&parent=53947"}],"wp:term":[{"taxonomy":"category","embeddable":true,"href":"https:\/\/www.zsben.cz\/wordpress\/index.php?rest_route=%2Fwp%2Fv2%2Fcategories&post=53947"},{"taxonomy":"post_tag","embeddable":true,"href":"https:\/\/www.zsben.cz\/wordpress\/index.php?rest_route=%2Fwp%2Fv2%2Ftags&post=53947"}],"curies":[{"name":"wp","href":"https:\/\/api.w.org\/{rel}","templated":true}]}}