{"id":5380,"date":"2013-09-25T23:54:34","date_gmt":"2013-09-25T22:54:34","guid":{"rendered":"http:\/\/www.zsben.cz\/wordpress\/?p=5380"},"modified":"2013-09-25T23:54:45","modified_gmt":"2013-09-25T22:54:45","slug":"1-tridy-poprve-v-ikc","status":"publish","type":"post","link":"https:\/\/www.zsben.cz\/wordpress\/?p=5380","title":{"rendered":"1.t\u0159\u00eddy poprv\u00e9 v IKC"},"content":{"rendered":"<p style=\"text-align: center\">\u00a0<\/p>\n<p style=\"text-align: center\">V r\u00e1mci \u0161koln\u00ed orientace,<\/p>\n<p style=\"text-align: center\">nav\u0161t\u00edvili jsme IKC.<\/p>\n<p style=\"text-align: center\">Te\u010f u\u017e ka\u017ed\u00fd pravdu zn\u00e1,<\/p>\n<p style=\"text-align: center\">IKC je knihovna!<\/p>\n<p style=\"text-align: center\">Kn\u00ed\u017eky jsme si prohl\u00e9dli,<\/p>\n<p style=\"text-align: center\">o spisovatel\u00edch si pov\u011bd\u011bli,<\/p>\n<p style=\"text-align: center\">pak jsme si v\u0161ichni vyzkou\u0161eli<\/p>\n<p style=\"text-align: center\">interaktivn\u00ed tabuli.<\/p>\n<p style=\"text-align: center\">Te\u010f \u010d\u00edst se p\u011bkn\u011b u\u010d\u00edme,<\/p>\n<p style=\"text-align: center\">na dal\u0161\u00ed n\u00e1v\u0161t\u011bvu se t\u011b\u0161\u00edme.<\/p>\n<p>&nbsp;<\/p>\n<p style=\"text-align: right\">\u00a0text:\u00a0\u00a0 Mgr. Jana \u0160eborov\u00e1<\/p>\n<p style=\"text-align: center\">ngg_shortcode_0_placeholder<\/p>\n<div class=\"fcbkbttn_buttons_block\" id=\"fcbkbttn_left\"><div class=\"fcbkbttn_like \"><div class=\"fb-like fb-like-button_count\" data-href=\"https:\/\/www.zsben.cz\/wordpress\/?p=5380\" data-colorscheme=\"light\" data-layout=\"button_count\" data-action=\"like\"  data-size=\"small\"><\/div><\/div><div class=\"fb-share-button  \" data-href=\"https:\/\/www.zsben.cz\/wordpress\/?p=5380\" data-type=\"button_count\" data-size=\"small\"><\/div><\/div>","protected":false},"excerpt":{"rendered":"<p>\u00a0 V r\u00e1mci \u0161koln\u00ed orientace, nav\u0161t\u00edvili jsme IKC. Te\u010f u\u017e ka\u017ed\u00fd pravdu zn\u00e1, IKC je knihovna! Kn\u00ed\u017eky jsme si prohl\u00e9dli, o spisovatel\u00edch si pov\u011bd\u011bli, pak jsme si v\u0161ichni vyzkou\u0161eli interaktivn\u00ed tabuli. Te\u010f \u010d\u00edst se p\u011bkn\u011b u\u010d\u00edme, na dal\u0161\u00ed n\u00e1v\u0161t\u011bvu se t\u011b\u0161\u00edme. &nbsp; \u00a0text:\u00a0\u00a0 Mgr. Jana \u0160eborov\u00e1<\/p>\n","protected":false},"author":15,"featured_media":0,"comment_status":"closed","ping_status":"closed","sticky":false,"template":"","format":"standard","meta":{"ngg_post_thumbnail":0,"footnotes":""},"categories":[1],"tags":[],"class_list":["post-5380","post","type-post","status-publish","format-standard","hentry","category-aktuality"],"_links":{"self":[{"href":"https:\/\/www.zsben.cz\/wordpress\/index.php?rest_route=\/wp\/v2\/posts\/5380","targetHints":{"allow":["GET"]}}],"collection":[{"href":"https:\/\/www.zsben.cz\/wordpress\/index.php?rest_route=\/wp\/v2\/posts"}],"about":[{"href":"https:\/\/www.zsben.cz\/wordpress\/index.php?rest_route=\/wp\/v2\/types\/post"}],"author":[{"embeddable":true,"href":"https:\/\/www.zsben.cz\/wordpress\/index.php?rest_route=\/wp\/v2\/users\/15"}],"replies":[{"embeddable":true,"href":"https:\/\/www.zsben.cz\/wordpress\/index.php?rest_route=%2Fwp%2Fv2%2Fcomments&post=5380"}],"version-history":[{"count":9,"href":"https:\/\/www.zsben.cz\/wordpress\/index.php?rest_route=\/wp\/v2\/posts\/5380\/revisions"}],"predecessor-version":[{"id":5389,"href":"https:\/\/www.zsben.cz\/wordpress\/index.php?rest_route=\/wp\/v2\/posts\/5380\/revisions\/5389"}],"wp:attachment":[{"href":"https:\/\/www.zsben.cz\/wordpress\/index.php?rest_route=%2Fwp%2Fv2%2Fmedia&parent=5380"}],"wp:term":[{"taxonomy":"category","embeddable":true,"href":"https:\/\/www.zsben.cz\/wordpress\/index.php?rest_route=%2Fwp%2Fv2%2Fcategories&post=5380"},{"taxonomy":"post_tag","embeddable":true,"href":"https:\/\/www.zsben.cz\/wordpress\/index.php?rest_route=%2Fwp%2Fv2%2Ftags&post=5380"}],"curies":[{"name":"wp","href":"https:\/\/api.w.org\/{rel}","templated":true}]}}