{"id":5262,"date":"2013-06-25T07:31:58","date_gmt":"2013-06-25T06:31:58","guid":{"rendered":"http:\/\/www.zsben.cz\/wordpress\/?p=5262"},"modified":"2013-06-25T07:31:58","modified_gmt":"2013-06-25T06:31:58","slug":"slavnostni-zakonceni-1-stupne","status":"publish","type":"post","link":"https:\/\/www.zsben.cz\/wordpress\/?p=5262","title":{"rendered":"Slavnostn\u00ed zakon\u010den\u00ed 1. stupn\u011b"},"content":{"rendered":"<p>&nbsp;<\/p>\n<p>Ve \u010dtvrtek jsme slavili,<\/p>\n<p>1.stupe\u0148 zakon\u010dili,<\/p>\n<p>\u0161erpy s\u00a0hrdost\u00ed p\u0159ijali<\/p>\n<p>a navz\u00e1jem se pobavili.<\/p>\n<p>&nbsp;<\/p>\n<p>\u00c1\u010dko ve zlat\u00e9m slav\u00edku zkusilo \u0161t\u011bst\u00ed,<\/p>\n<p>b\u00e9\u010dko tan\u010dilo Pom\u00e1du s\u00a0radost\u00ed<\/p>\n<p>a c\u00e9\u010dko prob\u011bhlo celou minulost\u00ed.<\/p>\n<p>&nbsp;<\/p>\n<p>Pak jsem tan\u010dili a sout\u011b\u017eili,<\/p>\n<p>na p\u011bt minul\u00fdch let vzpom\u00ednali<\/p>\n<p>a chv\u00edlemi srd\u00ed\u010dka n\u00e1m usedali.<\/p>\n<p>&nbsp;<\/p>\n<p>Cel\u00e1 akce se skv\u011ble vyda\u0159ila<\/p>\n<p>a n\u00e1s na 2.stupe\u0148 jak \u0161ipky vyst\u0159elila.<\/p>\n<p>&nbsp;<\/p>\n<p>&nbsp;<\/p>\n<p>\u017d\u00e1ci 5.t\u0159\u00edd<\/p>\n<p style=\"text-align: center\">\u00a0ngg_shortcode_0_placeholder<\/p>\n<div class=\"fcbkbttn_buttons_block\" id=\"fcbkbttn_left\"><div class=\"fcbkbttn_like \"><div class=\"fb-like fb-like-button_count\" data-href=\"https:\/\/www.zsben.cz\/wordpress\/?p=5262\" data-colorscheme=\"light\" data-layout=\"button_count\" data-action=\"like\"  data-size=\"small\"><\/div><\/div><div class=\"fb-share-button  \" data-href=\"https:\/\/www.zsben.cz\/wordpress\/?p=5262\" data-type=\"button_count\" data-size=\"small\"><\/div><\/div>","protected":false},"excerpt":{"rendered":"<p>&nbsp; Ve \u010dtvrtek jsme slavili, 1.stupe\u0148 zakon\u010dili, \u0161erpy s\u00a0hrdost\u00ed p\u0159ijali a navz\u00e1jem se pobavili. &nbsp; \u00c1\u010dko ve zlat\u00e9m slav\u00edku zkusilo \u0161t\u011bst\u00ed, b\u00e9\u010dko tan\u010dilo Pom\u00e1du s\u00a0radost\u00ed a c\u00e9\u010dko prob\u011bhlo celou minulost\u00ed. &nbsp; Pak jsem tan\u010dili a sout\u011b\u017eili, na p\u011bt minul\u00fdch let vzpom\u00ednali a chv\u00edlemi srd\u00ed\u010dka n\u00e1m usedali. &nbsp; Cel\u00e1 akce se skv\u011ble vyda\u0159ila a n\u00e1s na [&hellip;]<\/p>\n","protected":false},"author":22,"featured_media":0,"comment_status":"closed","ping_status":"closed","sticky":false,"template":"","format":"standard","meta":{"ngg_post_thumbnail":0,"footnotes":""},"categories":[1],"tags":[],"class_list":["post-5262","post","type-post","status-publish","format-standard","hentry","category-aktuality"],"_links":{"self":[{"href":"https:\/\/www.zsben.cz\/wordpress\/index.php?rest_route=\/wp\/v2\/posts\/5262","targetHints":{"allow":["GET"]}}],"collection":[{"href":"https:\/\/www.zsben.cz\/wordpress\/index.php?rest_route=\/wp\/v2\/posts"}],"about":[{"href":"https:\/\/www.zsben.cz\/wordpress\/index.php?rest_route=\/wp\/v2\/types\/post"}],"author":[{"embeddable":true,"href":"https:\/\/www.zsben.cz\/wordpress\/index.php?rest_route=\/wp\/v2\/users\/22"}],"replies":[{"embeddable":true,"href":"https:\/\/www.zsben.cz\/wordpress\/index.php?rest_route=%2Fwp%2Fv2%2Fcomments&post=5262"}],"version-history":[{"count":3,"href":"https:\/\/www.zsben.cz\/wordpress\/index.php?rest_route=\/wp\/v2\/posts\/5262\/revisions"}],"predecessor-version":[{"id":5265,"href":"https:\/\/www.zsben.cz\/wordpress\/index.php?rest_route=\/wp\/v2\/posts\/5262\/revisions\/5265"}],"wp:attachment":[{"href":"https:\/\/www.zsben.cz\/wordpress\/index.php?rest_route=%2Fwp%2Fv2%2Fmedia&parent=5262"}],"wp:term":[{"taxonomy":"category","embeddable":true,"href":"https:\/\/www.zsben.cz\/wordpress\/index.php?rest_route=%2Fwp%2Fv2%2Fcategories&post=5262"},{"taxonomy":"post_tag","embeddable":true,"href":"https:\/\/www.zsben.cz\/wordpress\/index.php?rest_route=%2Fwp%2Fv2%2Ftags&post=5262"}],"curies":[{"name":"wp","href":"https:\/\/api.w.org\/{rel}","templated":true}]}}