{"id":5244,"date":"2013-06-20T07:48:44","date_gmt":"2013-06-20T06:48:44","guid":{"rendered":"http:\/\/www.zsben.cz\/wordpress\/?p=5244"},"modified":"2013-06-21T07:52:48","modified_gmt":"2013-06-21T06:52:48","slug":"republikove-finale-v-atletice","status":"publish","type":"post","link":"https:\/\/www.zsben.cz\/wordpress\/?p=5244","title":{"rendered":"REPUBLIKOV\u00c9 FIN\u00c1LE v ATLETICE"},"content":{"rendered":"<p>Dne 19.6.- se uskute\u010dnilo v Kol\u00edn\u011b Republikov\u00e9 fin\u00e1le v atletick\u00e9 v\u0161estrannosti z\u00e1kladn\u00edch \u0161kol.<\/p>\n<p>dru\u017estvo na\u0161ich d\u00edvek ve slo\u017een\u00ed Magda Slav\u00edkov\u00e1, Barbora Dlaskov\u00e1, Karol\u00edna Such\u00e1nkov\u00e1, Tereza Mina\u0159\u00edkov\u00e1 a Karol\u00edna \u010cervov\u00e1 z\u00edskalo celkov\u00e9 6. m\u00edsto s po\u010dtem bod\u016f 7273, co\u017e je v t\u00e9to konkurenci perfektn\u00ed v\u00fdsledek!!!<\/p>\n<p>Nav\u00edc Magda Slav\u00edkov\u00e1 se v celkov\u00e9m po\u0159ad\u00ed jednotlivky\u0148 um\u00edstila na p\u0159ekr\u00e1sn\u00e9m 3. m\u00edst\u011b.<\/p>\n<p>V\u0161em d\u00edvk\u00e1m pat\u0159\u00ed velk\u00e9 d\u00edky, obrovsk\u00e1 gratulace a p\u0159\u00e1n\u00ed noha dal\u0161\u00edch sportovn\u00edch \u00fasp\u011bch\u016f.<\/p>\n<p>Podrobn\u00e9 v\u00fdsledky vyv\u011bs\u00edme ihned po jejich obdr\u017een\u00ed.<\/p>\n<div class=\"fcbkbttn_buttons_block\" id=\"fcbkbttn_left\"><div class=\"fcbkbttn_like \"><div class=\"fb-like fb-like-button_count\" data-href=\"https:\/\/www.zsben.cz\/wordpress\/?p=5244\" data-colorscheme=\"light\" data-layout=\"button_count\" data-action=\"like\"  data-size=\"small\"><\/div><\/div><div class=\"fb-share-button  \" data-href=\"https:\/\/www.zsben.cz\/wordpress\/?p=5244\" data-type=\"button_count\" data-size=\"small\"><\/div><\/div>","protected":false},"excerpt":{"rendered":"<p>Dne 19.6.- se uskute\u010dnilo v Kol\u00edn\u011b Republikov\u00e9 fin\u00e1le v atletick\u00e9 v\u0161estrannosti z\u00e1kladn\u00edch \u0161kol. dru\u017estvo na\u0161ich d\u00edvek ve slo\u017een\u00ed Magda Slav\u00edkov\u00e1, Barbora Dlaskov\u00e1, Karol\u00edna Such\u00e1nkov\u00e1, Tereza Mina\u0159\u00edkov\u00e1 a Karol\u00edna \u010cervov\u00e1 z\u00edskalo celkov\u00e9 6. m\u00edsto s po\u010dtem bod\u016f 7273, co\u017e je v t\u00e9to konkurenci perfektn\u00ed v\u00fdsledek!!! Nav\u00edc Magda Slav\u00edkov\u00e1 se v celkov\u00e9m po\u0159ad\u00ed jednotlivky\u0148 um\u00edstila na p\u0159ekr\u00e1sn\u00e9m [&hellip;]<\/p>\n","protected":false},"author":4,"featured_media":0,"comment_status":"closed","ping_status":"closed","sticky":false,"template":"","format":"standard","meta":{"ngg_post_thumbnail":0,"footnotes":""},"categories":[1,10],"tags":[],"class_list":["post-5244","post","type-post","status-publish","format-standard","hentry","category-aktuality","category-telocvik"],"_links":{"self":[{"href":"https:\/\/www.zsben.cz\/wordpress\/index.php?rest_route=\/wp\/v2\/posts\/5244","targetHints":{"allow":["GET"]}}],"collection":[{"href":"https:\/\/www.zsben.cz\/wordpress\/index.php?rest_route=\/wp\/v2\/posts"}],"about":[{"href":"https:\/\/www.zsben.cz\/wordpress\/index.php?rest_route=\/wp\/v2\/types\/post"}],"author":[{"embeddable":true,"href":"https:\/\/www.zsben.cz\/wordpress\/index.php?rest_route=\/wp\/v2\/users\/4"}],"replies":[{"embeddable":true,"href":"https:\/\/www.zsben.cz\/wordpress\/index.php?rest_route=%2Fwp%2Fv2%2Fcomments&post=5244"}],"version-history":[{"count":2,"href":"https:\/\/www.zsben.cz\/wordpress\/index.php?rest_route=\/wp\/v2\/posts\/5244\/revisions"}],"predecessor-version":[{"id":5258,"href":"https:\/\/www.zsben.cz\/wordpress\/index.php?rest_route=\/wp\/v2\/posts\/5244\/revisions\/5258"}],"wp:attachment":[{"href":"https:\/\/www.zsben.cz\/wordpress\/index.php?rest_route=%2Fwp%2Fv2%2Fmedia&parent=5244"}],"wp:term":[{"taxonomy":"category","embeddable":true,"href":"https:\/\/www.zsben.cz\/wordpress\/index.php?rest_route=%2Fwp%2Fv2%2Fcategories&post=5244"},{"taxonomy":"post_tag","embeddable":true,"href":"https:\/\/www.zsben.cz\/wordpress\/index.php?rest_route=%2Fwp%2Fv2%2Ftags&post=5244"}],"curies":[{"name":"wp","href":"https:\/\/api.w.org\/{rel}","templated":true}]}}