{"id":5175,"date":"2013-06-13T10:58:27","date_gmt":"2013-06-13T09:58:27","guid":{"rendered":"http:\/\/www.zsben.cz\/wordpress\/?p=5175"},"modified":"2013-06-13T10:58:27","modified_gmt":"2013-06-13T09:58:27","slug":"setrime-zivotni-prostredi-s-recyklohranim","status":"publish","type":"post","link":"https:\/\/www.zsben.cz\/wordpress\/?p=5175","title":{"rendered":"\u0160et\u0159\u00edme \u017eivotn\u00ed prost\u0159ed\u00ed s Recyklohran\u00edm"},"content":{"rendered":"<p><strong>S\u00a0programem Recyklohran\u00ed na\u0161e \u0161kola op\u011bt p\u0159isp\u011bla nemalou m\u011brou k\u00a0ochran\u011b \u017eivotn\u00edho prost\u0159ed\u00ed.<\/strong><\/p>\n<p>D\u00edky celost\u00e1tn\u00edmu programu Recyklohran\u00ed se n\u00e1m poda\u0159ilo nejen pou\u010dit a motivovat \u017e\u00e1ky v\u00a0oblasti ekologie, ale tak\u00e9 je aktivn\u011b zapojit do procesu ochrany \u017eivotn\u00edho prost\u0159ed\u00ed. Spoluorganiz\u00e1torem cel\u00e9ho programu je spole\u010dnost ASEKOL, kter\u00e1 zaji\u0161\u0165uje svoz a n\u00e1slednou recyklaci vybran\u00e9ho elektroza\u0159\u00edzen\u00ed. V\u00a0r\u00e1mci Recyklohran\u00ed \u017e\u00e1ci t\u0159\u00edd\u00ed ji\u017e nepou\u017e\u00edvan\u00e9 televizory, monitory a drobn\u00e9 spot\u0159ebi\u010de. S pomoc\u00ed tzv. LCA anal\u00fdzy dat, m\u016f\u017eeme p\u0159esn\u011b vy\u010d\u00edslit, kolik elektrick\u00e9 energie, ropy, uhl\u00ed, prim\u00e1rn\u00edch surovin \u010di vody jsme d\u00edky na\u0161emu aktivn\u00edmu sna\u017een\u00ed p\u0159\u00edrod\u011b u\u0161et\u0159ili. M\u016f\u017eeme tak\u00e9 spo\u010d\u00edtat, o kolik jsme sn\u00ed\u017eili produkci sklen\u00edkov\u00fdch plyn\u016f nebo nebezpe\u010dn\u00e9ho odpadu.<\/p>\n<p>V\u00fdsledky na\u0161\u00ed \u0161koly v roce 2012 jsou uvedeny v tabulce:<\/p>\n<p><a href=\"http:\/\/www.zsben.cz\/wordpress\/?attachment_id=5179\" rel=\"attachment wp-att-5179\"><img loading=\"lazy\" decoding=\"async\" class=\"aligncenter size-thumbnail wp-image-5179\" alt=\"004\" src=\"http:\/\/www.zsben.cz\/wordpress\/wp-content\/uploads\/2013\/06\/0041-108x150.jpg\" width=\"108\" height=\"150\" srcset=\"https:\/\/www.zsben.cz\/wordpress\/wp-content\/uploads\/2013\/06\/0041-108x150.jpg 108w, https:\/\/www.zsben.cz\/wordpress\/wp-content\/uploads\/2013\/06\/0041-363x500.jpg 363w, https:\/\/www.zsben.cz\/wordpress\/wp-content\/uploads\/2013\/06\/0041-743x1024.jpg 743w\" sizes=\"auto, (max-width: 108px) 100vw, 108px\" \/><\/a><\/p>\n<p>Celkov\u00e9 v\u00fdsledky spole\u010dnosti ASEKOL za rok 2012 jsou opravdu impozantn\u00ed. D\u00edky sb\u011bru a recyklaci elektra se spole\u010dnosti ASEKOL jen v\u00a0lo\u0148sk\u00e9m roce v\u00a0\u010cesk\u00e9 republice poda\u0159ilo u\u0161et\u0159it v\u00edce ne\u017e 9 milion\u016f litr\u016f ropy, kter\u00e9 maj\u00ed v\u00a0sou\u010dasnosti hodnotu p\u0159es 123 milion\u016f korun, nebo skoro 198 tis\u00edc MWh elekt\u0159iny, co\u017e je spot\u0159eba cel\u00e9 \u010cesk\u00e9 republiky za v\u00edce ne\u017e jeden den. U\u0161et\u0159en\u00e1 ropa by pro zm\u011bnu vysta\u010dila na 3 225 cest kolem rovn\u00edku automobilem s\u00a0b\u011b\u017enou spot\u0159ebou. A na tom v\u0161em maj\u00ed z\u00e1sluhu ti, kte\u0159\u00ed si daj\u00ed tu pr\u00e1ci a\u00a0zodpov\u011bdn\u011b t\u0159\u00edd\u00ed odpad, \u010d\u00edm\u017e velkou m\u011brou pom\u00e1haj\u00ed chr\u00e1nit na\u0161e \u017eivotn\u00ed prost\u0159ed\u00ed.<\/p>\n<p align=\"left\">\u00a0<\/p>\n<div class=\"fcbkbttn_buttons_block\" id=\"fcbkbttn_left\"><div class=\"fcbkbttn_like \"><div class=\"fb-like fb-like-button_count\" data-href=\"https:\/\/www.zsben.cz\/wordpress\/?p=5175\" data-colorscheme=\"light\" data-layout=\"button_count\" data-action=\"like\"  data-size=\"small\"><\/div><\/div><div class=\"fb-share-button  \" data-href=\"https:\/\/www.zsben.cz\/wordpress\/?p=5175\" data-type=\"button_count\" data-size=\"small\"><\/div><\/div>","protected":false},"excerpt":{"rendered":"<p>S\u00a0programem Recyklohran\u00ed na\u0161e \u0161kola op\u011bt p\u0159isp\u011bla nemalou m\u011brou k\u00a0ochran\u011b \u017eivotn\u00edho prost\u0159ed\u00ed. D\u00edky celost\u00e1tn\u00edmu programu Recyklohran\u00ed se n\u00e1m poda\u0159ilo nejen pou\u010dit a motivovat \u017e\u00e1ky v\u00a0oblasti ekologie, ale tak\u00e9 je aktivn\u011b zapojit do procesu ochrany \u017eivotn\u00edho prost\u0159ed\u00ed. Spoluorganiz\u00e1torem cel\u00e9ho programu je spole\u010dnost ASEKOL, kter\u00e1 zaji\u0161\u0165uje svoz a n\u00e1slednou recyklaci vybran\u00e9ho elektroza\u0159\u00edzen\u00ed. V\u00a0r\u00e1mci Recyklohran\u00ed \u017e\u00e1ci t\u0159\u00edd\u00ed ji\u017e nepou\u017e\u00edvan\u00e9 [&hellip;]<\/p>\n","protected":false},"author":1,"featured_media":0,"comment_status":"closed","ping_status":"closed","sticky":false,"template":"","format":"standard","meta":{"ngg_post_thumbnail":0,"footnotes":""},"categories":[1,9],"tags":[],"class_list":["post-5175","post","type-post","status-publish","format-standard","hentry","category-aktuality","category-evvo"],"_links":{"self":[{"href":"https:\/\/www.zsben.cz\/wordpress\/index.php?rest_route=\/wp\/v2\/posts\/5175","targetHints":{"allow":["GET"]}}],"collection":[{"href":"https:\/\/www.zsben.cz\/wordpress\/index.php?rest_route=\/wp\/v2\/posts"}],"about":[{"href":"https:\/\/www.zsben.cz\/wordpress\/index.php?rest_route=\/wp\/v2\/types\/post"}],"author":[{"embeddable":true,"href":"https:\/\/www.zsben.cz\/wordpress\/index.php?rest_route=\/wp\/v2\/users\/1"}],"replies":[{"embeddable":true,"href":"https:\/\/www.zsben.cz\/wordpress\/index.php?rest_route=%2Fwp%2Fv2%2Fcomments&post=5175"}],"version-history":[{"count":14,"href":"https:\/\/www.zsben.cz\/wordpress\/index.php?rest_route=\/wp\/v2\/posts\/5175\/revisions"}],"predecessor-version":[{"id":5192,"href":"https:\/\/www.zsben.cz\/wordpress\/index.php?rest_route=\/wp\/v2\/posts\/5175\/revisions\/5192"}],"wp:attachment":[{"href":"https:\/\/www.zsben.cz\/wordpress\/index.php?rest_route=%2Fwp%2Fv2%2Fmedia&parent=5175"}],"wp:term":[{"taxonomy":"category","embeddable":true,"href":"https:\/\/www.zsben.cz\/wordpress\/index.php?rest_route=%2Fwp%2Fv2%2Fcategories&post=5175"},{"taxonomy":"post_tag","embeddable":true,"href":"https:\/\/www.zsben.cz\/wordpress\/index.php?rest_route=%2Fwp%2Fv2%2Ftags&post=5175"}],"curies":[{"name":"wp","href":"https:\/\/api.w.org\/{rel}","templated":true}]}}