{"id":50813,"date":"2017-03-01T20:20:23","date_gmt":"2017-03-01T19:20:23","guid":{"rendered":"https:\/\/www.zsben.cz\/wordpress\/?p=50813"},"modified":"2017-03-01T20:29:36","modified_gmt":"2017-03-01T19:29:36","slug":"finale-dukla-ma-talent-iv","status":"publish","type":"post","link":"https:\/\/www.zsben.cz\/wordpress\/?p=50813","title":{"rendered":"Fin\u00e1le Dukla m\u00e1 TALENT IV."},"content":{"rendered":"<p>Dnes se uskute\u010dnilo v na\u0161\u00ed t\u011blocvi\u010dn\u011b fin\u00e1le celo\u0161koln\u00ed sout\u011b\u017ee Dukla m\u00e1 TALENT IV., v n\u011bm\u017e se utkalo celkem 13 finalist\u016f. Program byl rozd\u011blen na 2 \u010d\u00e1sti a sout\u011b\u017e\u00edc\u00ed se p\u0159edstavili&nbsp;dv\u011bma vystoupen\u00edmi. Porota byla ve stejn\u00e9m slo\u017een\u00ed jako v prvn\u00edm kole: <em>Mgr. Eva Pojerov\u00e1, Mgr. Hana Pecha\u010dov\u00e1, PaedDr. Sv\u011btlana Mix\u00e1nov\u00e1, David Vesel\u00fd a Denisa Heb\u00edkov\u00e1<\/em>&nbsp;. A op\u011bt m\u011bli porotci t\u011b\u017ek\u00fd&nbsp;\u00fakol, aby mezi sout\u011b\u017e\u00edc\u00edmi vybrali 3 nejlep\u0161\u00ed. Letos tedy porota ud\u011blila je\u0161t\u011b&nbsp;p\u011bti sout\u011b\u017e\u00edc\u00edm Zvl\u00e1\u0161tn\u00ed ocen\u011bn\u00ed poroty, proto\u017ee vystoupen\u00ed byla velmi vyrovnan\u00e1.<\/p>\n<p>&nbsp;&nbsp;&nbsp; Jak tedy dopadlo vyhodnocen\u00ed?<\/p>\n<ol>\n<li><span style=\"text-decoration: underline\"><strong>m\u00edsto &#8211; Viktorie \u0160itlerov\u00e1 4.B &#8211; twirling<\/strong><\/span><\/li>\n<li><span style=\"text-decoration: underline\"><strong>m\u00edsto &#8211; Kate\u0159ina Fla\u0161\u00edkov\u00e1 3.A &#8211; gymnastika<\/strong><\/span><\/li>\n<li><span style=\"text-decoration: underline\"><strong>m\u00edsto &#8211; Agnes Zvlelebilov\u00e1 2.A &#8211; b\u0159i\u0161n\u00ed tance<\/strong><\/span><\/li>\n<\/ol>\n<p><strong>Zvl\u00e1\u0161tn\u00ed ocen\u011bn\u00ed poroty<\/strong> z\u00edskali: <strong>Kate\u0159ina P\u00edchov\u00e1 3.A a Daniel P\u00edcha 1.C &#8211; fl\u00e9tna<\/strong><\/p>\n<p><strong>&nbsp;&nbsp;&nbsp;&nbsp;&nbsp;&nbsp;&nbsp;&nbsp;&nbsp;&nbsp;&nbsp;&nbsp;&nbsp;&nbsp;&nbsp;&nbsp;&nbsp;&nbsp;&nbsp;&nbsp;&nbsp;&nbsp;&nbsp;&nbsp;&nbsp;&nbsp;&nbsp;&nbsp;&nbsp;&nbsp;&nbsp;&nbsp;&nbsp;&nbsp;&nbsp;&nbsp;&nbsp;&nbsp;&nbsp;&nbsp;&nbsp;&nbsp;&nbsp;&nbsp;&nbsp;&nbsp;&nbsp;&nbsp;&nbsp;&nbsp;&nbsp;&nbsp;&nbsp;&nbsp;&nbsp;&nbsp;&nbsp; Robert Ernest 5.A- recitace<\/strong><\/p>\n<p><strong>&nbsp;&nbsp;&nbsp;&nbsp;&nbsp;&nbsp;&nbsp;&nbsp;&nbsp;&nbsp;&nbsp;&nbsp;&nbsp;&nbsp;&nbsp;&nbsp;&nbsp;&nbsp;&nbsp;&nbsp;&nbsp;&nbsp;&nbsp;&nbsp;&nbsp;&nbsp;&nbsp;&nbsp;&nbsp;&nbsp;&nbsp;&nbsp;&nbsp;&nbsp;&nbsp;&nbsp;&nbsp;&nbsp;&nbsp;&nbsp;&nbsp;&nbsp;&nbsp;&nbsp;&nbsp;&nbsp;&nbsp;&nbsp;&nbsp;&nbsp;&nbsp;&nbsp;&nbsp;&nbsp;&nbsp;&nbsp;&nbsp; Ema \u0160kvorov\u00e1 1.B &#8211; fl\u00e9tna<\/strong><\/p>\n<p><strong>&nbsp;&nbsp;&nbsp;&nbsp;&nbsp;&nbsp;&nbsp;&nbsp;&nbsp;&nbsp;&nbsp;&nbsp;&nbsp;&nbsp;&nbsp;&nbsp;&nbsp;&nbsp;&nbsp;&nbsp;&nbsp;&nbsp;&nbsp;&nbsp;&nbsp;&nbsp;&nbsp;&nbsp;&nbsp;&nbsp;&nbsp;&nbsp;&nbsp;&nbsp;&nbsp;&nbsp;&nbsp;&nbsp;&nbsp;&nbsp;&nbsp;&nbsp;&nbsp;&nbsp;&nbsp;&nbsp;&nbsp;&nbsp;&nbsp;&nbsp;&nbsp;&nbsp;&nbsp;&nbsp;&nbsp;&nbsp;&nbsp; Ad\u00e9la \u0158eh\u00e1kov\u00e1 4.A &#8211; gymnastika a tanec<\/strong><\/p>\n<p><strong>&nbsp;&nbsp;&nbsp;&nbsp;&nbsp;&nbsp;&nbsp;&nbsp;&nbsp;&nbsp;&nbsp;&nbsp;&nbsp;&nbsp;&nbsp;&nbsp;&nbsp;&nbsp;&nbsp;&nbsp;&nbsp;&nbsp;&nbsp;&nbsp;&nbsp;&nbsp;&nbsp;&nbsp;&nbsp;&nbsp;&nbsp;&nbsp;&nbsp;&nbsp;&nbsp;&nbsp;&nbsp;&nbsp;&nbsp;&nbsp;&nbsp;&nbsp;&nbsp;&nbsp;&nbsp;&nbsp;&nbsp;&nbsp;&nbsp;&nbsp;&nbsp;&nbsp;&nbsp;&nbsp;&nbsp;&nbsp; Krist\u00fdna \u0160ahinov\u00e1 5.C a Vlasta Hor\u00e1kov\u00e1 6.A&nbsp;&#8211; karate<\/strong><\/p>\n<p>Je\u0161t\u011b prob\u011bhlo hlasov\u00e1n\u00ed div\u00e1k\u016f. Zde nejv\u00edce hlas\u016f obdr\u017eela op\u011bt <strong>Viktorie \u0160itlerov\u00e1<\/strong>, tak\u017ee z\u00edskala i <strong>Cenu publika<\/strong>.<\/p>\n<p>Nikdo neodch\u00e1zel s pr\u00e1zdnou. Pan\u00ed \u0159editelka p\u0159ipravila pro v\u0161echny sout\u011b\u017e\u00edc\u00ed ta\u0161ky s logem sout\u011b\u017ee, ve kter\u00fdch d\u011bti krom\u011b sladkost\u00ed na\u0161ly drobn\u00e9 upom\u00ednkov\u00e9 p\u0159edm\u011bty. V\u00edt\u011bzov\u00e9 a ocen\u011bn\u00e9 d\u011bti je\u0161t\u011b nav\u00edc z\u00edskali pouk\u00e1zky do knihkupectv\u00ed Daniela. D\u011bkujeme pan\u00ed \u0159editelce za podporu a za&nbsp;ceny do na\u0161\u00ed sout\u011b\u017ee.<\/p>\n<p>V\u00edt\u011bzka si krom\u011b cen a diplomu odnesla putovn\u00ed poh\u00e1r a samoz\u0159ejm\u011b jako ka\u017ed\u00fd rok bude na tituln\u00ed stran\u011b 3. \u010d\u00edsla na\u0161eho \u010dasopisu. R\u00e1di bychom na\u0161im \u010dten\u00e1\u0159\u016fm s Viktori\u00ed \u0160itlerovou&nbsp;p\u0159ipravili i rozhovor. Ceny p\u0159ed\u00e1valy &#8211;&nbsp;pan\u00ed \u0159editelka Hana Proch\u00e1zkov\u00e1&nbsp;s pan\u00ed Ivanou&nbsp;K\u00e1rovou, vedouc\u00ed odboru \u0161kolstv\u00ed, kultury a sportu, kter\u00e1 se p\u0159i\u0161la na fin\u00e1le pod\u00edvat.<\/p>\n<p>D\u011bkujeme sout\u011b\u017e\u00edc\u00edm, rodi\u010d\u016fm, porotc\u016fm,&nbsp;div\u00e1k\u016fm a prost\u011b v\u0161em, kdo se na akci pod\u00edleli, za jejich \u00fa\u010dast a podporu. Gratulujeme v\u00edt\u011bz\u016fm.<\/p>\n<p>Redakto\u0159i \u0161koln\u00edho \u010dasopisu Labyrint&nbsp;<\/p>\n<p>(kr\u00e1tk\u00e1 videa najdete op\u011bt na webu \u0161koln\u00edho \u010dasopisu: www.zsben.cz\/labyrint)<\/p>\nngg_shortcode_0_placeholder\n<p>&nbsp;<\/p>\n<div class=\"fcbkbttn_buttons_block\" id=\"fcbkbttn_left\"><div class=\"fcbkbttn_like \"><div class=\"fb-like fb-like-button_count\" data-href=\"https:\/\/www.zsben.cz\/wordpress\/?p=50813\" data-colorscheme=\"light\" data-layout=\"button_count\" data-action=\"like\"  data-size=\"small\"><\/div><\/div><div class=\"fb-share-button  \" data-href=\"https:\/\/www.zsben.cz\/wordpress\/?p=50813\" data-type=\"button_count\" data-size=\"small\"><\/div><\/div>","protected":false},"excerpt":{"rendered":"<p>Dnes se uskute\u010dnilo v na\u0161\u00ed t\u011blocvi\u010dn\u011b fin\u00e1le celo\u0161koln\u00ed sout\u011b\u017ee Dukla m\u00e1 TALENT IV., v n\u011bm\u017e se utkalo celkem 13 finalist\u016f. Program byl rozd\u011blen na 2 \u010d\u00e1sti a sout\u011b\u017e\u00edc\u00ed se p\u0159edstavili&nbsp;dv\u011bma vystoupen\u00edmi. Porota byla ve stejn\u00e9m slo\u017een\u00ed jako v prvn\u00edm kole: Mgr. Eva Pojerov\u00e1, Mgr. Hana Pecha\u010dov\u00e1, PaedDr. Sv\u011btlana Mix\u00e1nov\u00e1, David Vesel\u00fd a Denisa Heb\u00edkov\u00e1&nbsp;. A [&hellip;]<\/p>\n","protected":false},"author":1,"featured_media":0,"comment_status":"closed","ping_status":"closed","sticky":false,"template":"","format":"standard","meta":{"ngg_post_thumbnail":0,"footnotes":""},"categories":[1],"tags":[],"class_list":["post-50813","post","type-post","status-publish","format-standard","hentry","category-aktuality"],"_links":{"self":[{"href":"https:\/\/www.zsben.cz\/wordpress\/index.php?rest_route=\/wp\/v2\/posts\/50813","targetHints":{"allow":["GET"]}}],"collection":[{"href":"https:\/\/www.zsben.cz\/wordpress\/index.php?rest_route=\/wp\/v2\/posts"}],"about":[{"href":"https:\/\/www.zsben.cz\/wordpress\/index.php?rest_route=\/wp\/v2\/types\/post"}],"author":[{"embeddable":true,"href":"https:\/\/www.zsben.cz\/wordpress\/index.php?rest_route=\/wp\/v2\/users\/1"}],"replies":[{"embeddable":true,"href":"https:\/\/www.zsben.cz\/wordpress\/index.php?rest_route=%2Fwp%2Fv2%2Fcomments&post=50813"}],"version-history":[{"count":7,"href":"https:\/\/www.zsben.cz\/wordpress\/index.php?rest_route=\/wp\/v2\/posts\/50813\/revisions"}],"predecessor-version":[{"id":50894,"href":"https:\/\/www.zsben.cz\/wordpress\/index.php?rest_route=\/wp\/v2\/posts\/50813\/revisions\/50894"}],"wp:attachment":[{"href":"https:\/\/www.zsben.cz\/wordpress\/index.php?rest_route=%2Fwp%2Fv2%2Fmedia&parent=50813"}],"wp:term":[{"taxonomy":"category","embeddable":true,"href":"https:\/\/www.zsben.cz\/wordpress\/index.php?rest_route=%2Fwp%2Fv2%2Fcategories&post=50813"},{"taxonomy":"post_tag","embeddable":true,"href":"https:\/\/www.zsben.cz\/wordpress\/index.php?rest_route=%2Fwp%2Fv2%2Ftags&post=50813"}],"curies":[{"name":"wp","href":"https:\/\/api.w.org\/{rel}","templated":true}]}}