{"id":5065,"date":"2013-05-29T12:08:05","date_gmt":"2013-05-29T11:08:05","guid":{"rendered":"http:\/\/www.zsben.cz\/wordpress\/?p=5065"},"modified":"2013-05-29T12:08:05","modified_gmt":"2013-05-29T11:08:05","slug":"atleticka-vsestrannost-okresni-finale","status":"publish","type":"post","link":"https:\/\/www.zsben.cz\/wordpress\/?p=5065","title":{"rendered":"Atletick\u00e1 v\u0161estrannost &#8211; okresn\u00ed fin\u00e1le"},"content":{"rendered":"<p>Dne 22.5. 2013 prob\u011bhlo ve Vla\u0161imi okresn\u00ed fin\u00e1le atletick\u00e9 v\u0161estrannosti, kterou s p\u0159ehledem ovl\u00e1dla na\u0161e dru\u017estva star\u0161\u00edch \u017e\u00e1k\u016f a \u017e\u00e1ky\u0148 a postoupila do krajsk\u00e9ho kola.<\/p>\n<p>V\u0161em gratulujeme.<\/p>\n<p><p class=\"gde-text\"><a href=\"http:\/\/www.zsben.cz\/wordpress\/wp-content\/uploads\/2013\/05\/4boj-6a7_ml-d\u00edvky.pdf\" class=\"gde-link\" onClick=\"_gaq.push(['_trackEvent', 'Google Doc Embedder', 'St\u00e1hnout', this.href]);\">St\u00e1hnout (PDF, Nezn\u00e1m\u00fd)<\/a><\/p>\n<iframe src=\"\/\/docs.google.com\/viewer?url=http%3A%2F%2Fwww.zsben.cz%2Fwordpress%2Fwp-content%2Fuploads%2F2013%2F05%2F4boj-6a7_ml-d%C3%ADvky.pdf&hl=cs&embedded=true\" class=\"gde-frame\" style=\"width:100%; height:700px; border: none;\" scrolling=\"no\"><\/iframe> <p class=\"gde-text\"><a href=\"http:\/\/www.zsben.cz\/wordpress\/wp-content\/uploads\/2013\/05\/4boj-6a7_ml-chlapci.pdf\" class=\"gde-link\" onClick=\"_gaq.push(['_trackEvent', 'Google Doc Embedder', 'St\u00e1hnout', this.href]);\">St\u00e1hnout (PDF, Nezn\u00e1m\u00fd)<\/a><\/p>\n<iframe src=\"\/\/docs.google.com\/viewer?url=http%3A%2F%2Fwww.zsben.cz%2Fwordpress%2Fwp-content%2Fuploads%2F2013%2F05%2F4boj-6a7_ml-chlapci.pdf&hl=cs&embedded=true\" class=\"gde-frame\" style=\"width:100%; height:700px; border: none;\" scrolling=\"no\"><\/iframe> <p class=\"gde-text\"><a href=\"http:\/\/www.zsben.cz\/wordpress\/wp-content\/uploads\/2013\/05\/4boj-8a9_st-d\u00edvky.pdf\" class=\"gde-link\" onClick=\"_gaq.push(['_trackEvent', 'Google Doc Embedder', 'St\u00e1hnout', this.href]);\">St\u00e1hnout (PDF, Nezn\u00e1m\u00fd)<\/a><\/p>\n<iframe src=\"\/\/docs.google.com\/viewer?url=http%3A%2F%2Fwww.zsben.cz%2Fwordpress%2Fwp-content%2Fuploads%2F2013%2F05%2F4boj-8a9_st-d%C3%ADvky.pdf&hl=cs&embedded=true\" class=\"gde-frame\" style=\"width:100%; height:700px; border: none;\" scrolling=\"no\"><\/iframe> <p class=\"gde-text\"><a href=\"http:\/\/www.zsben.cz\/wordpress\/wp-content\/uploads\/2013\/05\/4boj-8a9_st-chlapci.pdf\" class=\"gde-link\" onClick=\"_gaq.push(['_trackEvent', 'Google Doc Embedder', 'St\u00e1hnout', this.href]);\">St\u00e1hnout (PDF, Nezn\u00e1m\u00fd)<\/a><\/p>\n<iframe src=\"\/\/docs.google.com\/viewer?url=http%3A%2F%2Fwww.zsben.cz%2Fwordpress%2Fwp-content%2Fuploads%2F2013%2F05%2F4boj-8a9_st-chlapci.pdf&hl=cs&embedded=true\" class=\"gde-frame\" style=\"width:100%; height:700px; border: none;\" scrolling=\"no\"><\/iframe><\/p>\n<div class=\"fcbkbttn_buttons_block\" id=\"fcbkbttn_left\"><div class=\"fcbkbttn_like \"><div class=\"fb-like fb-like-button_count\" data-href=\"https:\/\/www.zsben.cz\/wordpress\/?p=5065\" data-colorscheme=\"light\" data-layout=\"button_count\" data-action=\"like\"  data-size=\"small\"><\/div><\/div><div class=\"fb-share-button  \" data-href=\"https:\/\/www.zsben.cz\/wordpress\/?p=5065\" data-type=\"button_count\" data-size=\"small\"><\/div><\/div>","protected":false},"excerpt":{"rendered":"<p>Dne 22.5. 2013 prob\u011bhlo ve Vla\u0161imi okresn\u00ed fin\u00e1le atletick\u00e9 v\u0161estrannosti, kterou s p\u0159ehledem ovl\u00e1dla na\u0161e dru\u017estva star\u0161\u00edch \u017e\u00e1k\u016f a \u017e\u00e1ky\u0148 a postoupila do krajsk\u00e9ho kola. V\u0161em gratulujeme.<\/p>\n","protected":false},"author":4,"featured_media":0,"comment_status":"closed","ping_status":"closed","sticky":false,"template":"","format":"standard","meta":{"ngg_post_thumbnail":0,"footnotes":""},"categories":[1,10],"tags":[],"class_list":["post-5065","post","type-post","status-publish","format-standard","hentry","category-aktuality","category-telocvik"],"_links":{"self":[{"href":"https:\/\/www.zsben.cz\/wordpress\/index.php?rest_route=\/wp\/v2\/posts\/5065","targetHints":{"allow":["GET"]}}],"collection":[{"href":"https:\/\/www.zsben.cz\/wordpress\/index.php?rest_route=\/wp\/v2\/posts"}],"about":[{"href":"https:\/\/www.zsben.cz\/wordpress\/index.php?rest_route=\/wp\/v2\/types\/post"}],"author":[{"embeddable":true,"href":"https:\/\/www.zsben.cz\/wordpress\/index.php?rest_route=\/wp\/v2\/users\/4"}],"replies":[{"embeddable":true,"href":"https:\/\/www.zsben.cz\/wordpress\/index.php?rest_route=%2Fwp%2Fv2%2Fcomments&post=5065"}],"version-history":[{"count":2,"href":"https:\/\/www.zsben.cz\/wordpress\/index.php?rest_route=\/wp\/v2\/posts\/5065\/revisions"}],"predecessor-version":[{"id":5074,"href":"https:\/\/www.zsben.cz\/wordpress\/index.php?rest_route=\/wp\/v2\/posts\/5065\/revisions\/5074"}],"wp:attachment":[{"href":"https:\/\/www.zsben.cz\/wordpress\/index.php?rest_route=%2Fwp%2Fv2%2Fmedia&parent=5065"}],"wp:term":[{"taxonomy":"category","embeddable":true,"href":"https:\/\/www.zsben.cz\/wordpress\/index.php?rest_route=%2Fwp%2Fv2%2Fcategories&post=5065"},{"taxonomy":"post_tag","embeddable":true,"href":"https:\/\/www.zsben.cz\/wordpress\/index.php?rest_route=%2Fwp%2Fv2%2Ftags&post=5065"}],"curies":[{"name":"wp","href":"https:\/\/api.w.org\/{rel}","templated":true}]}}