{"id":50368,"date":"2017-01-30T08:52:34","date_gmt":"2017-01-30T07:52:34","guid":{"rendered":"http:\/\/www.zsben.cz\/wordpress\/?p=50368"},"modified":"2017-02-15T09:52:22","modified_gmt":"2017-02-15T08:52:22","slug":"jak-jsme-se-dostaly-do-republikoveho-finale","status":"publish","type":"post","link":"https:\/\/www.zsben.cz\/wordpress\/?p=50368","title":{"rendered":"Jak jsme se dostaly do republikov\u00e9ho fin\u00e1le?"},"content":{"rendered":"<p>&nbsp;&nbsp;&nbsp; V&nbsp;listopadu jsme vyrazily s&nbsp;na\u0161\u00edm t\u00fdmem na okresn\u00ed kolo do Neveklova. Jely jsme v podobn\u00e9m slo\u017een\u00ed jako&nbsp;minul\u00fd rok (to jsme skon\u010dily na 2. m\u00edst\u011b v&nbsp;republice). Letos se k&nbsp;n\u00e1m nav\u00edc p\u0159idaly 2 hr\u00e1\u010dky ze 6. t\u0159\u00eddy a ubyly 3 hr\u00e1\u010dky z&nbsp;9. ro\u010dn\u00edku (u\u017e jsou v&nbsp;jin\u00e9 v\u011bkov\u00e9 kategorii). V&nbsp;Neveklov\u011b jsme bez probl\u00e9m\u016f vyhr\u00e1ly, na\u0161e g\u00f3lmanka Lucie Zemanov\u00e1 chytala opravdu skv\u011ble, na konci turnaje byla zaslou\u017een\u011b vyhl\u00e1\u0161ena nejlep\u0161\u00ed brank\u00e1\u0159kou. I ostatn\u00ed hr\u00e1\u010dky hr\u00e1ly fantasticky.<\/p>\n<p>&nbsp;&nbsp;&nbsp; O m\u011bs\u00edc pozd\u011bji jsme vyrazily&nbsp;do Kutn\u00e9 Hory na krajsk\u00e9 kolo. Cesta byla vesel\u00e1, ale dlouh\u00e1. N\u011bkter\u00e9 \u017e\u00e1kyn\u011b se nemohly z\u00fa\u010dastnit, proto\u017ee bohu\u017eel onemocn\u011bly. V&nbsp;Kutn\u00e9 Ho\u0159e jsme 1. z\u00e1pas remizovaly s&nbsp;Nov\u00fdm Stra\u0161ec\u00edm. Ostatn\u00ed z\u00e1pasy ve skupin\u011b jsme vyhr\u00e1ly. Nejv\u011bt\u0161\u00ed strach n\u00e1m nah\u00e1n\u011bl&nbsp;t\u00fdm Mlad\u00e9 Boleslavi, proto\u017ee ten n\u00e1s minul\u00fd rok ve fin\u00e1le republiky p\u0159ipravil t\u011bsn\u011b o jeden g\u00f3l o v\u00edt\u011bzstv\u00ed. Na\u0161t\u011bst\u00ed jsme je tentokr\u00e1t porazily a probojovaly jsme se do fin\u00e1le se Sedl\u010dany. Z\u00e1pasu jsme se moc neob\u00e1valy, proto\u017ee jsme se se Sedl\u010dany setkaly i ve skupin\u011b a tam jsme tento t\u00fdm porazily. To sam\u00e9 jsme zopakovaly ve fin\u00e1le. Do kvalifikace na republikov\u00e9 fin\u00e1le postupovaly 2 t\u00fdmy \u2013 my z&nbsp;1. m\u00edsta a Sedl\u010dany z&nbsp;2. m\u00edsta.<\/p>\n<p>&nbsp;&nbsp;&nbsp; Dne 26. ledna se konala kvalifikace na republiku v&nbsp;Plzni. Odj\u00ed\u017ed\u011bly jsme s&nbsp;pan\u00ed u\u010ditelkou \u0160varcovou v&nbsp;6.20 autobusem. Cesta bylo je\u0161t\u011b del\u0161\u00ed ne\u017e do Kutn\u00e9 Hory, ale zvl\u00e1dly jsme ji bez probl\u00e9m\u016f.<\/p>\n<p>&nbsp;&nbsp;&nbsp; V&nbsp;Plzni na n\u00e1s \u010dekala 2 dru\u017estva. Proti n\u00e1m nastoupilo dru\u017estvo z&nbsp;Bezdru\u017eic a dru\u017estvo z&nbsp;T\u00fdna nad Vltavou. Na\u0161e d\u011bv\u010data bez nejmen\u0161\u00edho probl\u00e9mu vyhr\u00e1la oba z\u00e1pasy a t\u00edm si zajistila \u00fa\u010dast v&nbsp;republikov\u00e9m fin\u00e1le, kter\u00e9 se kon\u00e1 21. \u2013 22. 3. v&nbsp;Praze.<\/p>\n<p>&nbsp;&nbsp;&nbsp; Prvn\u00ed z\u00e1pas jsme hr\u00e1ly s&nbsp;Bezdru\u017eicemi, kter\u00e9 jsme porazily 4:0. V&nbsp;tomto z\u00e1pase byla vyhl\u00e1\u0161ena nejlep\u0161\u00ed hr\u00e1\u010dkou na\u0161e Karol\u00edna Mezerov\u00e1 ze 6.C, dostala i drobnou cenu. Po z\u00e1pase jsme si prohl\u00e9dly halu, kter\u00e1 se n\u00e1m moc l\u00edbila. Dal\u0161\u00ed z\u00e1pas jsme nastoupily proti T\u00fdnu nad Vltavou. Op\u011bt jsme vyhr\u00e1ly, na\u0161e d\u011bv\u010data dok\u00e1zala nast\u0159\u00edlet kr\u00e1sn\u00fdch 6 g\u00f3l\u016f. Z\u00e1pas skon\u010dil 6:3 pro Bene\u0161ov.<\/p>\n<p>&nbsp;&nbsp;&nbsp; D\u011bkujeme d\u011bv\u010dat\u016fm za vzornou reprezentaci \u0161koly a pan\u00ed u\u010ditelce \u0160varcov\u00e9 za p\u0159\u00edpravu a podporu d\u011bv\u010dat. P\u0159ejeme j\u00ed pevn\u00e9 nervy a trp\u011blivost, aby s&nbsp;n\u00e1mi d\u00e1le vydr\u017eela.<\/p>\n<p>P.S. B\u011bhem z\u00e1pasu n\u00e1m zranily na\u0161i brank\u00e1\u0159ku Lucii Zemanovou, ale nakonec se Lucka p\u0159emohla a v&nbsp;z\u00e1pase pokra\u010dovala.<\/p>\n<p><strong>Na\u0161i \u0161kolu reprezentovaly tyto hr\u00e1\u010dky:<\/strong><\/p>\n<p>Zemanov\u00e1 Lucie, Dvo\u0159\u00e1kov\u00e1 Kate\u0159ina, Radi\u010dov\u00e1 Karol\u00edna, Pap\u00edrn\u00edkov\u00e1 Denisa, Podol\u00e1kov\u00e1 Eli\u0161ka, M\u00e1slov\u00e1 Nela, \u0160ediv\u00e1 Magdal\u00e9na, \u0160upkov\u00e1 Dominika, Mezerov\u00e1 Karol\u00edna, Mokrej\u0161ov\u00e1 Noemi, Bub\u00e1kov\u00e1 \u0160t\u011bp\u00e1nka, Heb\u00edkov\u00e1 Denisa.<\/p>\n<p>Autorky \u010dl\u00e1nku: Kate\u0159ina Dvo\u0159\u00e1kov\u00e1, Dominika \u0160upkov\u00e1, Monika Pojerov\u00e1 8.C&nbsp;<\/p>\n<p>&nbsp;<\/p>\n<div class=\"fcbkbttn_buttons_block\" id=\"fcbkbttn_left\"><div class=\"fcbkbttn_like \"><div class=\"fb-like fb-like-button_count\" data-href=\"https:\/\/www.zsben.cz\/wordpress\/?p=50368\" data-colorscheme=\"light\" data-layout=\"button_count\" data-action=\"like\"  data-size=\"small\"><\/div><\/div><div class=\"fb-share-button  \" data-href=\"https:\/\/www.zsben.cz\/wordpress\/?p=50368\" data-type=\"button_count\" data-size=\"small\"><\/div><\/div>","protected":false},"excerpt":{"rendered":"<p>&nbsp;&nbsp;&nbsp; V&nbsp;listopadu jsme vyrazily s&nbsp;na\u0161\u00edm t\u00fdmem na okresn\u00ed kolo do Neveklova. Jely jsme v podobn\u00e9m slo\u017een\u00ed jako&nbsp;minul\u00fd rok (to jsme skon\u010dily na 2. m\u00edst\u011b v&nbsp;republice). Letos se k&nbsp;n\u00e1m nav\u00edc p\u0159idaly 2 hr\u00e1\u010dky ze 6. t\u0159\u00eddy a ubyly 3 hr\u00e1\u010dky z&nbsp;9. ro\u010dn\u00edku (u\u017e jsou v&nbsp;jin\u00e9 v\u011bkov\u00e9 kategorii). V&nbsp;Neveklov\u011b jsme bez probl\u00e9m\u016f vyhr\u00e1ly, na\u0161e g\u00f3lmanka Lucie Zemanov\u00e1 [&hellip;]<\/p>\n","protected":false},"author":18,"featured_media":0,"comment_status":"closed","ping_status":"closed","sticky":false,"template":"","format":"standard","meta":{"ngg_post_thumbnail":0,"footnotes":""},"categories":[1,10],"tags":[],"class_list":["post-50368","post","type-post","status-publish","format-standard","hentry","category-aktuality","category-telocvik"],"_links":{"self":[{"href":"https:\/\/www.zsben.cz\/wordpress\/index.php?rest_route=\/wp\/v2\/posts\/50368","targetHints":{"allow":["GET"]}}],"collection":[{"href":"https:\/\/www.zsben.cz\/wordpress\/index.php?rest_route=\/wp\/v2\/posts"}],"about":[{"href":"https:\/\/www.zsben.cz\/wordpress\/index.php?rest_route=\/wp\/v2\/types\/post"}],"author":[{"embeddable":true,"href":"https:\/\/www.zsben.cz\/wordpress\/index.php?rest_route=\/wp\/v2\/users\/18"}],"replies":[{"embeddable":true,"href":"https:\/\/www.zsben.cz\/wordpress\/index.php?rest_route=%2Fwp%2Fv2%2Fcomments&post=50368"}],"version-history":[{"count":2,"href":"https:\/\/www.zsben.cz\/wordpress\/index.php?rest_route=\/wp\/v2\/posts\/50368\/revisions"}],"predecessor-version":[{"id":50445,"href":"https:\/\/www.zsben.cz\/wordpress\/index.php?rest_route=\/wp\/v2\/posts\/50368\/revisions\/50445"}],"wp:attachment":[{"href":"https:\/\/www.zsben.cz\/wordpress\/index.php?rest_route=%2Fwp%2Fv2%2Fmedia&parent=50368"}],"wp:term":[{"taxonomy":"category","embeddable":true,"href":"https:\/\/www.zsben.cz\/wordpress\/index.php?rest_route=%2Fwp%2Fv2%2Fcategories&post=50368"},{"taxonomy":"post_tag","embeddable":true,"href":"https:\/\/www.zsben.cz\/wordpress\/index.php?rest_route=%2Fwp%2Fv2%2Ftags&post=50368"}],"curies":[{"name":"wp","href":"https:\/\/api.w.org\/{rel}","templated":true}]}}