{"id":4823,"date":"2013-04-12T07:30:27","date_gmt":"2013-04-12T06:30:27","guid":{"rendered":"http:\/\/www.zsben.cz\/wordpress\/?p=4823"},"modified":"2013-04-12T07:31:21","modified_gmt":"2013-04-12T06:31:21","slug":"okresni-prebory-ve-volejbale","status":"publish","type":"post","link":"https:\/\/www.zsben.cz\/wordpress\/?p=4823","title":{"rendered":"Okresn\u00ed p\u0159ebory ve volejbale"},"content":{"rendered":"<p>Dne 9. 4. 2013 prob\u011bhl na na\u0161\u00ed \u0161kole okresn\u00ed p\u0159ebor ve volejbale kategorie chlapci, kter\u00e9ho se z\u00fa\u010dastnilo 5 dru\u017estev. Na\u0161e dru\u017estvo ve slo\u017een\u00ed Smutn\u00fd Luk\u00e1\u0161, Khamulyak Pavlo, Bo\u0165a Josef, Hausenblas Jakub, Ludany Maty\u00e1\u0161, Dominik Eli\u00e1\u0161 a Kukura Ondra se um\u00edstili na p\u011bkn\u00e9m 2. m\u00edst\u011b. V\u0161em gratulujeme.<\/p>\n<p>Hned ve \u010dtvrtek 11.4. 2013 se uskute\u010dnil okresn\u00ed p\u0159ebor kategorie d\u00edvek, tentokr\u00e1te na Z\u0160 Vla\u0161im Vorlina, kter\u00e9ho se z\u00fa\u010dastnilo 8 dru\u017estev. Dru\u017estvo na\u0161ich d\u00edvek ve slo\u017een\u00ed Kleinov\u00e1 Edita, Fejtkov\u00e1 Blanka, Skalick\u00e1 Terez, Malknechtov\u00e1 Eli\u0161ka, Rendov\u00e1 Lucie, Lehock\u00e1 Kate\u0159ina, \u017d\u00ed\u017ealov\u00e1 Barbora, Jel\u00ednkov\u00e1 Veronika a Mina\u0159\u00edkov\u00e1 Tereza nakonec ve fin\u00e1le zdolalo dru\u017estvo Vorliny a cel\u00fd turnaj vyhr\u00e1lo.<\/p>\n<p>V\u0161em moc a moc gratulujeme a p\u0159ejeme mnoho dal\u0161\u00edch sportovn\u00edch v\u00fdsledk\u016f.<\/p>\n<div class=\"fcbkbttn_buttons_block\" id=\"fcbkbttn_left\"><div class=\"fcbkbttn_like \"><div class=\"fb-like fb-like-button_count\" data-href=\"https:\/\/www.zsben.cz\/wordpress\/?p=4823\" data-colorscheme=\"light\" data-layout=\"button_count\" data-action=\"like\"  data-size=\"small\"><\/div><\/div><div class=\"fb-share-button  \" data-href=\"https:\/\/www.zsben.cz\/wordpress\/?p=4823\" data-type=\"button_count\" data-size=\"small\"><\/div><\/div>","protected":false},"excerpt":{"rendered":"<p>Dne 9. 4. 2013 prob\u011bhl na na\u0161\u00ed \u0161kole okresn\u00ed p\u0159ebor ve volejbale kategorie chlapci, kter\u00e9ho se z\u00fa\u010dastnilo 5 dru\u017estev. Na\u0161e dru\u017estvo ve slo\u017een\u00ed Smutn\u00fd Luk\u00e1\u0161, Khamulyak Pavlo, Bo\u0165a Josef, Hausenblas Jakub, Ludany Maty\u00e1\u0161, Dominik Eli\u00e1\u0161 a Kukura Ondra se um\u00edstili na p\u011bkn\u00e9m 2. m\u00edst\u011b. V\u0161em gratulujeme. Hned ve \u010dtvrtek 11.4. 2013 se uskute\u010dnil okresn\u00ed p\u0159ebor [&hellip;]<\/p>\n","protected":false},"author":4,"featured_media":0,"comment_status":"closed","ping_status":"closed","sticky":false,"template":"","format":"standard","meta":{"ngg_post_thumbnail":0,"footnotes":""},"categories":[1,10],"tags":[],"class_list":["post-4823","post","type-post","status-publish","format-standard","hentry","category-aktuality","category-telocvik"],"_links":{"self":[{"href":"https:\/\/www.zsben.cz\/wordpress\/index.php?rest_route=\/wp\/v2\/posts\/4823","targetHints":{"allow":["GET"]}}],"collection":[{"href":"https:\/\/www.zsben.cz\/wordpress\/index.php?rest_route=\/wp\/v2\/posts"}],"about":[{"href":"https:\/\/www.zsben.cz\/wordpress\/index.php?rest_route=\/wp\/v2\/types\/post"}],"author":[{"embeddable":true,"href":"https:\/\/www.zsben.cz\/wordpress\/index.php?rest_route=\/wp\/v2\/users\/4"}],"replies":[{"embeddable":true,"href":"https:\/\/www.zsben.cz\/wordpress\/index.php?rest_route=%2Fwp%2Fv2%2Fcomments&post=4823"}],"version-history":[{"count":3,"href":"https:\/\/www.zsben.cz\/wordpress\/index.php?rest_route=\/wp\/v2\/posts\/4823\/revisions"}],"predecessor-version":[{"id":4826,"href":"https:\/\/www.zsben.cz\/wordpress\/index.php?rest_route=\/wp\/v2\/posts\/4823\/revisions\/4826"}],"wp:attachment":[{"href":"https:\/\/www.zsben.cz\/wordpress\/index.php?rest_route=%2Fwp%2Fv2%2Fmedia&parent=4823"}],"wp:term":[{"taxonomy":"category","embeddable":true,"href":"https:\/\/www.zsben.cz\/wordpress\/index.php?rest_route=%2Fwp%2Fv2%2Fcategories&post=4823"},{"taxonomy":"post_tag","embeddable":true,"href":"https:\/\/www.zsben.cz\/wordpress\/index.php?rest_route=%2Fwp%2Fv2%2Ftags&post=4823"}],"curies":[{"name":"wp","href":"https:\/\/api.w.org\/{rel}","templated":true}]}}