{"id":47824,"date":"2016-12-20T21:02:28","date_gmt":"2016-12-20T20:02:28","guid":{"rendered":"http:\/\/www.zsben.cz\/wordpress\/?p=47824"},"modified":"2016-12-21T19:51:39","modified_gmt":"2016-12-21T18:51:39","slug":"1-misto-ve-stredoceskem-kraji-pro-nase-florbalistky","status":"publish","type":"post","link":"https:\/\/www.zsben.cz\/wordpress\/?p=47824","title":{"rendered":"1. m\u00edsto ve St\u0159edo\u010desk\u00e9m kraji pro na\u0161e florbalistky"},"content":{"rendered":"<p>&nbsp;&nbsp;&nbsp;&nbsp;&nbsp;&nbsp;&nbsp;&nbsp;&nbsp;&nbsp; Dne 19. 12. 2016 se konalo v Kutn\u00e9 Ho\u0159e krajsk\u00e9 fin\u00e1le turnaje ve florbale mlad\u0161\u00edch \u017e\u00e1ky\u0148. St\u0159edo\u010desk\u00fd kraj reprezentovalo 6 dru\u017estev: Nov\u00e9 Stra\u0161ec\u00ed, Mlad\u00e1 Boleslav, Kutn\u00e1 Hora, Vrdy, Sedl\u010dany, Bene\u0161ov.<\/p>\n<p>&nbsp;&nbsp;&nbsp;&nbsp;&nbsp;&nbsp;&nbsp;&nbsp; Na\u0161e d\u00edvky bez probl\u00e9m\u016f vyhr\u00e1ly v\u0161echny z\u00e1pasy a suver\u00e9nn\u011b postoupily do semifin\u00e1le, kde je \u010dekalo dom\u00e1c\u00ed dru\u017estvo z Kutn\u00e9 Hory. Tento z\u00e1pas skon\u010dil v\u00fdsledkem 4:0 pro n\u00e1s, a tak ji\u017e zb\u00fdval vytou\u017een\u00fd postup do fin\u00e1le a boj o 1.- 2. m\u00edsto v turnaji.<\/p>\n<p>&nbsp;&nbsp;&nbsp;&nbsp;&nbsp;&nbsp;&nbsp;&nbsp;&nbsp;&nbsp;&nbsp;&nbsp; Ve fin\u00e1le jsme se utkaly znovu s t\u00fdmem Sedl\u010dan, se kter\u00fdm jsme ji\u017e jednou vyhr\u00e1ly. Byl n\u00e1m rovnocenn\u00fdm soupe\u0159em, ale my jsme byly lep\u0161\u00ed v koncovk\u00e1ch, hlavn\u011b d\u00edky na\u0161\u00ed nejlep\u0161\u00ed hr\u00e1\u010dce Ka\u010dce Dvo\u0159\u00e1kov\u00e9, kter\u00e1 dala 2 g\u00f3ly. Po nap\u00ednav\u00e9m boji jsme porazily Sedl\u010dany 3:0 a vyhr\u00e1ly <strong>1. m\u00edsto<\/strong> v turnaji a z\u00edskaly <strong>zlat\u00e9 medaile<\/strong>.<\/p>\n<p>&nbsp;&nbsp;&nbsp;&nbsp;&nbsp;&nbsp;&nbsp;&nbsp;&nbsp;&nbsp;&nbsp;&nbsp; Na\u0161e d\u00edvky hr\u00e1ly skv\u011ble, d\u011bkujeme jim za vzornou reprezentaci \u0161koly a p\u0159ejeme jim hodn\u011b dal\u0161\u00edch sportovn\u00edch \u00fasp\u011bch\u016f. 26. ledna \u010dek\u00e1 na\u0161e d\u00edvky kvalifikace na republiku v Plzni.<\/p>\n<p><strong>Nejlep\u0161\u00ed hr\u00e1\u010dky t\u00fdmu<\/strong>: Kate\u0159ina Dvo\u0159\u00e1kov\u00e1 8.C (9 g\u00f3l\u016f)<\/p>\n<p>Mezerov\u00e1 Karol\u00edna 6.C (6 g\u00f3l\u016f)<\/p>\n<p><strong>Nejlep\u0161\u00ed brank\u00e1\u0159ka<\/strong>: Lucie Zemanov\u00e1 8.C<\/p>\n<p>Pustila pouze 2 g\u00f3ly.<\/p>\n<p>ngg_shortcode_0_placeholder<strong>Na\u0161i \u0161kolu reprezentovaly tyto hr\u00e1\u010dky:<\/strong><\/p>\n<p>Zemanov\u00e1 Lucie<\/p>\n<p>Dvo\u0159\u00e1kov\u00e1 Kate\u0159ina<\/p>\n<p>Radi\u010dov\u00e1 Karol\u00edna<\/p>\n<p>Pap\u00edrn\u00edkov\u00e1 Denisa<\/p>\n<p>Podol\u00e1kov\u00e1 Eli\u0161ka<\/p>\n<p>M\u00e1slov\u00e1 Nela<\/p>\n<p>\u0160ediv\u00e1 Magdal\u00e9na<\/p>\n<p>\u0160upkov\u00e1 Dominika<\/p>\n<p>Mezerov\u00e1 Karol\u00edna<\/p>\n<p>Mokrej\u0161ov\u00e1 Noemi<\/p>\n<p>Bub\u00e1kov\u00e1 \u0160t\u011bp\u00e1nka<\/p>\n<p>Heb\u00edkov\u00e1 Denisa<\/p>\n<p>D\u011bkujeme pan\u00ed u\u010ditelce \u0160varcov\u00e9 za na\u0161i vzornou p\u0159\u00edpravu na turnaj.<\/p>\n<p>&nbsp;<\/p>\n<p>Text a foto: Monika Pojerov\u00e1 8.C<\/p>\n<div class=\"fcbkbttn_buttons_block\" id=\"fcbkbttn_left\"><div class=\"fcbkbttn_like \"><div class=\"fb-like fb-like-button_count\" data-href=\"https:\/\/www.zsben.cz\/wordpress\/?p=47824\" data-colorscheme=\"light\" data-layout=\"button_count\" data-action=\"like\"  data-size=\"small\"><\/div><\/div><div class=\"fb-share-button  \" data-href=\"https:\/\/www.zsben.cz\/wordpress\/?p=47824\" data-type=\"button_count\" data-size=\"small\"><\/div><\/div>","protected":false},"excerpt":{"rendered":"<p>&nbsp;&nbsp;&nbsp;&nbsp;&nbsp;&nbsp;&nbsp;&nbsp;&nbsp;&nbsp; Dne 19. 12. 2016 se konalo v Kutn\u00e9 Ho\u0159e krajsk\u00e9 fin\u00e1le turnaje ve florbale mlad\u0161\u00edch \u017e\u00e1ky\u0148. St\u0159edo\u010desk\u00fd kraj reprezentovalo 6 dru\u017estev: Nov\u00e9 Stra\u0161ec\u00ed, Mlad\u00e1 Boleslav, Kutn\u00e1 Hora, Vrdy, Sedl\u010dany, Bene\u0161ov. &nbsp;&nbsp;&nbsp;&nbsp;&nbsp;&nbsp;&nbsp;&nbsp; Na\u0161e d\u00edvky bez probl\u00e9m\u016f vyhr\u00e1ly v\u0161echny z\u00e1pasy a suver\u00e9nn\u011b postoupily do semifin\u00e1le, kde je \u010dekalo dom\u00e1c\u00ed dru\u017estvo z Kutn\u00e9 Hory. Tento z\u00e1pas skon\u010dil [&hellip;]<\/p>\n","protected":false},"author":1,"featured_media":0,"comment_status":"closed","ping_status":"closed","sticky":false,"template":"","format":"standard","meta":{"ngg_post_thumbnail":0,"footnotes":""},"categories":[1,10],"tags":[],"class_list":["post-47824","post","type-post","status-publish","format-standard","hentry","category-aktuality","category-telocvik"],"_links":{"self":[{"href":"https:\/\/www.zsben.cz\/wordpress\/index.php?rest_route=\/wp\/v2\/posts\/47824","targetHints":{"allow":["GET"]}}],"collection":[{"href":"https:\/\/www.zsben.cz\/wordpress\/index.php?rest_route=\/wp\/v2\/posts"}],"about":[{"href":"https:\/\/www.zsben.cz\/wordpress\/index.php?rest_route=\/wp\/v2\/types\/post"}],"author":[{"embeddable":true,"href":"https:\/\/www.zsben.cz\/wordpress\/index.php?rest_route=\/wp\/v2\/users\/1"}],"replies":[{"embeddable":true,"href":"https:\/\/www.zsben.cz\/wordpress\/index.php?rest_route=%2Fwp%2Fv2%2Fcomments&post=47824"}],"version-history":[{"count":8,"href":"https:\/\/www.zsben.cz\/wordpress\/index.php?rest_route=\/wp\/v2\/posts\/47824\/revisions"}],"predecessor-version":[{"id":47974,"href":"https:\/\/www.zsben.cz\/wordpress\/index.php?rest_route=\/wp\/v2\/posts\/47824\/revisions\/47974"}],"wp:attachment":[{"href":"https:\/\/www.zsben.cz\/wordpress\/index.php?rest_route=%2Fwp%2Fv2%2Fmedia&parent=47824"}],"wp:term":[{"taxonomy":"category","embeddable":true,"href":"https:\/\/www.zsben.cz\/wordpress\/index.php?rest_route=%2Fwp%2Fv2%2Fcategories&post=47824"},{"taxonomy":"post_tag","embeddable":true,"href":"https:\/\/www.zsben.cz\/wordpress\/index.php?rest_route=%2Fwp%2Fv2%2Ftags&post=47824"}],"curies":[{"name":"wp","href":"https:\/\/api.w.org\/{rel}","templated":true}]}}