{"id":4511,"date":"2012-12-20T22:25:09","date_gmt":"2012-12-20T21:25:09","guid":{"rendered":"http:\/\/www.zsben.cz\/wordpress\/?p=4511"},"modified":"2012-12-20T22:25:09","modified_gmt":"2012-12-20T21:25:09","slug":"vanoce-na-1-stupni-projektovy-den","status":"publish","type":"post","link":"https:\/\/www.zsben.cz\/wordpress\/?p=4511","title":{"rendered":"V\u00e1noce na 1. stupni &#8211; projektov\u00fd den"},"content":{"rendered":"<p>Dne<strong> 19.12. 2012<\/strong> jsme se my, \u017e\u00e1ci 1. stupn\u011b Z\u0160 Dukelsk\u00e1 v Bene\u0161ov\u011b z\u00fa\u010dastnili 1. projektov\u00e9ho dne na t\u00e9ma V\u00e1noce.<\/p>\n<p>B\u011bhem dopoledne si ka\u017ed\u00fd vyzkou\u0161el pr\u00e1ci <strong>ve 2 d\u00edln\u00e1ch<\/strong>. V d\u00edln\u00e1ch <strong>teoretick\u00fdch<\/strong> jsme z\u00edskali nov\u00e9 v\u011bdomosti<\/p>\n<p>o slaven\u00ed V\u00e1noc a v\u00e1no\u010dn\u00edch zvyc\u00edch u n\u00e1s i v zahrani\u010d\u00ed. Z d\u00edlen praktick\u00fdch jsme si odnesli v\u00e1no\u010dn\u00ed vlastnoru\u010dn\u011b vyroben\u00fd d\u00e1rek.<\/p>\n<p>Projektov\u00fd den byl dobr\u00fd n\u00e1pad. V\u0161em se n\u00e1m moc\u00a0l\u00edbil a t\u011b\u0161\u00edme se zase na podobnou akci v p\u0159\u00ed\u0161t\u00edm roce.<\/p>\n<p>\u017e\u00e1ci 5.B<\/p>\n<p style=\"text-align: center\">ngg_shortcode_0_placeholder<\/p>\n<div class=\"fcbkbttn_buttons_block\" id=\"fcbkbttn_left\"><div class=\"fcbkbttn_like \"><div class=\"fb-like fb-like-button_count\" data-href=\"https:\/\/www.zsben.cz\/wordpress\/?p=4511\" data-colorscheme=\"light\" data-layout=\"button_count\" data-action=\"like\"  data-size=\"small\"><\/div><\/div><div class=\"fb-share-button  \" data-href=\"https:\/\/www.zsben.cz\/wordpress\/?p=4511\" data-type=\"button_count\" data-size=\"small\"><\/div><\/div>","protected":false},"excerpt":{"rendered":"<p>Dne 19.12. 2012 jsme se my, \u017e\u00e1ci 1. stupn\u011b Z\u0160 Dukelsk\u00e1 v Bene\u0161ov\u011b z\u00fa\u010dastnili 1. projektov\u00e9ho dne na t\u00e9ma V\u00e1noce. B\u011bhem dopoledne si ka\u017ed\u00fd vyzkou\u0161el pr\u00e1ci ve 2 d\u00edln\u00e1ch. V d\u00edln\u00e1ch teoretick\u00fdch jsme z\u00edskali nov\u00e9 v\u011bdomosti o slaven\u00ed V\u00e1noc a v\u00e1no\u010dn\u00edch zvyc\u00edch u n\u00e1s i v zahrani\u010d\u00ed. Z d\u00edlen praktick\u00fdch jsme si odnesli v\u00e1no\u010dn\u00ed vlastnoru\u010dn\u011b [&hellip;]<\/p>\n","protected":false},"author":15,"featured_media":0,"comment_status":"closed","ping_status":"closed","sticky":false,"template":"","format":"standard","meta":{"ngg_post_thumbnail":0,"footnotes":""},"categories":[1],"tags":[],"class_list":["post-4511","post","type-post","status-publish","format-standard","hentry","category-aktuality"],"_links":{"self":[{"href":"https:\/\/www.zsben.cz\/wordpress\/index.php?rest_route=\/wp\/v2\/posts\/4511","targetHints":{"allow":["GET"]}}],"collection":[{"href":"https:\/\/www.zsben.cz\/wordpress\/index.php?rest_route=\/wp\/v2\/posts"}],"about":[{"href":"https:\/\/www.zsben.cz\/wordpress\/index.php?rest_route=\/wp\/v2\/types\/post"}],"author":[{"embeddable":true,"href":"https:\/\/www.zsben.cz\/wordpress\/index.php?rest_route=\/wp\/v2\/users\/15"}],"replies":[{"embeddable":true,"href":"https:\/\/www.zsben.cz\/wordpress\/index.php?rest_route=%2Fwp%2Fv2%2Fcomments&post=4511"}],"version-history":[{"count":6,"href":"https:\/\/www.zsben.cz\/wordpress\/index.php?rest_route=\/wp\/v2\/posts\/4511\/revisions"}],"predecessor-version":[{"id":4525,"href":"https:\/\/www.zsben.cz\/wordpress\/index.php?rest_route=\/wp\/v2\/posts\/4511\/revisions\/4525"}],"wp:attachment":[{"href":"https:\/\/www.zsben.cz\/wordpress\/index.php?rest_route=%2Fwp%2Fv2%2Fmedia&parent=4511"}],"wp:term":[{"taxonomy":"category","embeddable":true,"href":"https:\/\/www.zsben.cz\/wordpress\/index.php?rest_route=%2Fwp%2Fv2%2Fcategories&post=4511"},{"taxonomy":"post_tag","embeddable":true,"href":"https:\/\/www.zsben.cz\/wordpress\/index.php?rest_route=%2Fwp%2Fv2%2Ftags&post=4511"}],"curies":[{"name":"wp","href":"https:\/\/api.w.org\/{rel}","templated":true}]}}