{"id":4488,"date":"2012-12-13T15:41:44","date_gmt":"2012-12-13T14:41:44","guid":{"rendered":"http:\/\/www.zsben.cz\/wordpress\/?p=4488"},"modified":"2012-12-13T15:41:44","modified_gmt":"2012-12-13T14:41:44","slug":"sd-certi-bal-2","status":"publish","type":"post","link":"https:\/\/www.zsben.cz\/wordpress\/?p=4488","title":{"rendered":"\u0160D &#8211; \u010cert\u00ed b\u00e1l"},"content":{"rendered":"<p>Rok se s\u00a0rokem se\u0161el a ve \u0161koln\u00ed dru\u017ein\u011b p\u0159i Z\u0160 Bene\u0161ov, Dukelsk\u00e1 se 5. 12. 2012 rozpoutala pekeln\u00e1 z\u00e1bava. \u201e\u010cert\u00ed b\u00e1l\u201c, tradi\u010dn\u011b p\u0159ipraven\u00fd vychovatelkami, byl pln\u00fd netradi\u010dn\u00edch sout\u011b\u017e\u00ed a tance. Obohacen byl vystoupen\u00edm p\u011bveck\u00e9ho krou\u017eku \u0160D, kter\u00fd zazp\u00edval v\u00e1no\u010dn\u00ed koledy. D\u011bti si odnesly nad\u00edlku v\u00a0podob\u011b bal\u00ed\u010dku. Velk\u00e9 pod\u011bkov\u00e1n\u00ed pat\u0159\u00ed i rodi\u010d\u016fm, kte\u0159\u00ed zajistili v\u0161em\u00a0 sladk\u00e9 a drobn\u00e9 d\u00e1rky.<\/p>\n<p>text a foto :\u00a0\u00a0 Mgr. Vendula Ju\u0159\u00ed\u010dkov\u00e1, vedouc\u00ed vychovatelka \u0160D<\/p>\nngg_shortcode_0_placeholder\n<div class=\"fcbkbttn_buttons_block\" id=\"fcbkbttn_left\"><div class=\"fcbkbttn_like \"><div class=\"fb-like fb-like-button_count\" data-href=\"https:\/\/www.zsben.cz\/wordpress\/?p=4488\" data-colorscheme=\"light\" data-layout=\"button_count\" data-action=\"like\"  data-size=\"small\"><\/div><\/div><div class=\"fb-share-button  \" data-href=\"https:\/\/www.zsben.cz\/wordpress\/?p=4488\" data-type=\"button_count\" data-size=\"small\"><\/div><\/div>","protected":false},"excerpt":{"rendered":"<p>Rok se s\u00a0rokem se\u0161el a ve \u0161koln\u00ed dru\u017ein\u011b p\u0159i Z\u0160 Bene\u0161ov, Dukelsk\u00e1 se 5. 12. 2012 rozpoutala pekeln\u00e1 z\u00e1bava. \u201e\u010cert\u00ed b\u00e1l\u201c, tradi\u010dn\u011b p\u0159ipraven\u00fd vychovatelkami, byl pln\u00fd netradi\u010dn\u00edch sout\u011b\u017e\u00ed a tance. Obohacen byl vystoupen\u00edm p\u011bveck\u00e9ho krou\u017eku \u0160D, kter\u00fd zazp\u00edval v\u00e1no\u010dn\u00ed koledy. D\u011bti si odnesly nad\u00edlku v\u00a0podob\u011b bal\u00ed\u010dku. Velk\u00e9 pod\u011bkov\u00e1n\u00ed pat\u0159\u00ed i rodi\u010d\u016fm, kte\u0159\u00ed zajistili v\u0161em\u00a0 sladk\u00e9 [&hellip;]<\/p>\n","protected":false},"author":18,"featured_media":0,"comment_status":"closed","ping_status":"closed","sticky":false,"template":"","format":"standard","meta":{"ngg_post_thumbnail":0,"footnotes":""},"categories":[1],"tags":[],"class_list":["post-4488","post","type-post","status-publish","format-standard","hentry","category-aktuality"],"_links":{"self":[{"href":"https:\/\/www.zsben.cz\/wordpress\/index.php?rest_route=\/wp\/v2\/posts\/4488","targetHints":{"allow":["GET"]}}],"collection":[{"href":"https:\/\/www.zsben.cz\/wordpress\/index.php?rest_route=\/wp\/v2\/posts"}],"about":[{"href":"https:\/\/www.zsben.cz\/wordpress\/index.php?rest_route=\/wp\/v2\/types\/post"}],"author":[{"embeddable":true,"href":"https:\/\/www.zsben.cz\/wordpress\/index.php?rest_route=\/wp\/v2\/users\/18"}],"replies":[{"embeddable":true,"href":"https:\/\/www.zsben.cz\/wordpress\/index.php?rest_route=%2Fwp%2Fv2%2Fcomments&post=4488"}],"version-history":[{"count":2,"href":"https:\/\/www.zsben.cz\/wordpress\/index.php?rest_route=\/wp\/v2\/posts\/4488\/revisions"}],"predecessor-version":[{"id":4490,"href":"https:\/\/www.zsben.cz\/wordpress\/index.php?rest_route=\/wp\/v2\/posts\/4488\/revisions\/4490"}],"wp:attachment":[{"href":"https:\/\/www.zsben.cz\/wordpress\/index.php?rest_route=%2Fwp%2Fv2%2Fmedia&parent=4488"}],"wp:term":[{"taxonomy":"category","embeddable":true,"href":"https:\/\/www.zsben.cz\/wordpress\/index.php?rest_route=%2Fwp%2Fv2%2Fcategories&post=4488"},{"taxonomy":"post_tag","embeddable":true,"href":"https:\/\/www.zsben.cz\/wordpress\/index.php?rest_route=%2Fwp%2Fv2%2Ftags&post=4488"}],"curies":[{"name":"wp","href":"https:\/\/api.w.org\/{rel}","templated":true}]}}