{"id":4477,"date":"2012-12-11T19:58:58","date_gmt":"2012-12-11T18:58:58","guid":{"rendered":"http:\/\/www.zsben.cz\/wordpress\/?p=4477"},"modified":"2012-12-11T19:58:58","modified_gmt":"2012-12-11T18:58:58","slug":"florbal-divky-2","status":"publish","type":"post","link":"https:\/\/www.zsben.cz\/wordpress\/?p=4477","title":{"rendered":"Florbal &#8211; d\u00edvky"},"content":{"rendered":"<p>Dne 11.12.2012 prob\u011bhl na OA Vla\u0161im 4.ro\u010dn\u00edk florbalov\u00e9ho turnaje \u201eO Putovn\u00ed poh\u00e1r \u0159editelky OA\u201c, kategorie Z\u0160 d\u00edvky 8.-9. ro\u010dn\u00edk. Turnaje se z\u00fa\u010dastnilo celkem \u0161est dru\u017estev. Na\u0161e dru\u017estvo d\u00edvek ve slo\u017een\u00ed Magda Slav\u00edkov\u00e1, Karol\u00edna \u010cervov\u00e1,\u00a0 Tereza Mina\u0159\u00edkov\u00e1, Barbora Kobzov\u00e1, Barbora Dlaskov\u00e1, Krist\u00fdna Turkov\u00e1, Eli\u0161ka Malknechtov\u00e1, Pavla Klab\u00edkov\u00e1 a Karol\u00edna Such\u00e1nkov\u00e1 vybojovalo prvn\u00ed \u00a0m\u00edsto. Magda Slav\u00edkov\u00e1 byla vyhl\u00e1\u0161ena &#8220;nejlep\u0161\u00ed st\u0159elkyn\u00ed&#8221; turnaje. Blahop\u0159ejeme a d\u011bkujeme za reprezentaci \u0161koly.<\/p>\n<p>&nbsp;<\/p>\n<div class=\"fcbkbttn_buttons_block\" id=\"fcbkbttn_left\"><div class=\"fcbkbttn_like \"><div class=\"fb-like fb-like-button_count\" data-href=\"https:\/\/www.zsben.cz\/wordpress\/?p=4477\" data-colorscheme=\"light\" data-layout=\"button_count\" data-action=\"like\"  data-size=\"small\"><\/div><\/div><div class=\"fb-share-button  \" data-href=\"https:\/\/www.zsben.cz\/wordpress\/?p=4477\" data-type=\"button_count\" data-size=\"small\"><\/div><\/div>","protected":false},"excerpt":{"rendered":"<p>Dne 11.12.2012 prob\u011bhl na OA Vla\u0161im 4.ro\u010dn\u00edk florbalov\u00e9ho turnaje \u201eO Putovn\u00ed poh\u00e1r \u0159editelky OA\u201c, kategorie Z\u0160 d\u00edvky 8.-9. ro\u010dn\u00edk. Turnaje se z\u00fa\u010dastnilo celkem \u0161est dru\u017estev. Na\u0161e dru\u017estvo d\u00edvek ve slo\u017een\u00ed Magda Slav\u00edkov\u00e1, Karol\u00edna \u010cervov\u00e1,\u00a0 Tereza Mina\u0159\u00edkov\u00e1, Barbora Kobzov\u00e1, Barbora Dlaskov\u00e1, Krist\u00fdna Turkov\u00e1, Eli\u0161ka Malknechtov\u00e1, Pavla Klab\u00edkov\u00e1 a Karol\u00edna Such\u00e1nkov\u00e1 vybojovalo prvn\u00ed \u00a0m\u00edsto. Magda Slav\u00edkov\u00e1 byla [&hellip;]<\/p>\n","protected":false},"author":18,"featured_media":0,"comment_status":"closed","ping_status":"closed","sticky":false,"template":"","format":"standard","meta":{"ngg_post_thumbnail":0,"footnotes":""},"categories":[1],"tags":[],"class_list":["post-4477","post","type-post","status-publish","format-standard","hentry","category-aktuality"],"_links":{"self":[{"href":"https:\/\/www.zsben.cz\/wordpress\/index.php?rest_route=\/wp\/v2\/posts\/4477","targetHints":{"allow":["GET"]}}],"collection":[{"href":"https:\/\/www.zsben.cz\/wordpress\/index.php?rest_route=\/wp\/v2\/posts"}],"about":[{"href":"https:\/\/www.zsben.cz\/wordpress\/index.php?rest_route=\/wp\/v2\/types\/post"}],"author":[{"embeddable":true,"href":"https:\/\/www.zsben.cz\/wordpress\/index.php?rest_route=\/wp\/v2\/users\/18"}],"replies":[{"embeddable":true,"href":"https:\/\/www.zsben.cz\/wordpress\/index.php?rest_route=%2Fwp%2Fv2%2Fcomments&post=4477"}],"version-history":[{"count":7,"href":"https:\/\/www.zsben.cz\/wordpress\/index.php?rest_route=\/wp\/v2\/posts\/4477\/revisions"}],"predecessor-version":[{"id":4484,"href":"https:\/\/www.zsben.cz\/wordpress\/index.php?rest_route=\/wp\/v2\/posts\/4477\/revisions\/4484"}],"wp:attachment":[{"href":"https:\/\/www.zsben.cz\/wordpress\/index.php?rest_route=%2Fwp%2Fv2%2Fmedia&parent=4477"}],"wp:term":[{"taxonomy":"category","embeddable":true,"href":"https:\/\/www.zsben.cz\/wordpress\/index.php?rest_route=%2Fwp%2Fv2%2Fcategories&post=4477"},{"taxonomy":"post_tag","embeddable":true,"href":"https:\/\/www.zsben.cz\/wordpress\/index.php?rest_route=%2Fwp%2Fv2%2Ftags&post=4477"}],"curies":[{"name":"wp","href":"https:\/\/api.w.org\/{rel}","templated":true}]}}