{"id":3965,"date":"2012-09-06T17:54:35","date_gmt":"2012-09-06T16:54:35","guid":{"rendered":"http:\/\/www.zsben.cz\/wordpress\/?p=3965"},"modified":"2012-10-12T11:25:25","modified_gmt":"2012-10-12T10:25:25","slug":"cyklisticky-kurz-4-den","status":"publish","type":"post","link":"https:\/\/www.zsben.cz\/wordpress\/?p=3965","title":{"rendered":"Cyklistick\u00fd kurz &#8211; 4.den"},"content":{"rendered":"<p>Zpr\u00e1vy z dne\u0161n\u00edho dne. Jedna parta v T\u00e1bo\u0159e v Muzeu \u010dokol\u00e1dy &#8211; \u00fa\u017easn\u00e9. U\u017e si to tam blokujte! Apak p\u0159es Planou dom\u016f. Druh\u00e1 skupina dojela a\u017e na Hlubokou, to byl docela v\u00fdkon. P\u0159ikl\u00e1d\u00e1me fotky. Jen chceme poznamenat, \u017ee ty poh\u00e1dkov\u00e9 postai\u010dky jsou v\u0161echny z marcip\u00e1nu.<\/p>\nngg_shortcode_0_placeholder\n<p>Pro rodi\u010de: P\u0159edpokl\u00e1dan\u00fd n\u00e1vrat bude mezi 15 &#8211; 16 hodinou. Proto, pros\u00edm, v\u0161echny rodi\u010de aby byly u \u0161koly kolem p\u016fl 4. V\u0161ichni budeme utah\u00e1n\u00ed a budeme se t\u011b\u0161it na vanu a pohodl\u00ed. P\u0159edem V\u00e1m za to moc a moc d\u011bkuji.<\/p>\n<p>Kunstov\u00e1 Lenka<\/p>\n<div class=\"fcbkbttn_buttons_block\" id=\"fcbkbttn_left\"><div class=\"fcbkbttn_like \"><div class=\"fb-like fb-like-button_count\" data-href=\"https:\/\/www.zsben.cz\/wordpress\/?p=3965\" data-colorscheme=\"light\" data-layout=\"button_count\" data-action=\"like\"  data-size=\"small\"><\/div><\/div><div class=\"fb-share-button  \" data-href=\"https:\/\/www.zsben.cz\/wordpress\/?p=3965\" data-type=\"button_count\" data-size=\"small\"><\/div><\/div>","protected":false},"excerpt":{"rendered":"<p>Zpr\u00e1vy z dne\u0161n\u00edho dne. Jedna parta v T\u00e1bo\u0159e v Muzeu \u010dokol\u00e1dy &#8211; \u00fa\u017easn\u00e9. U\u017e si to tam blokujte! Apak p\u0159es Planou dom\u016f. Druh\u00e1 skupina dojela a\u017e na Hlubokou, to byl docela v\u00fdkon. P\u0159ikl\u00e1d\u00e1me fotky. Jen chceme poznamenat, \u017ee ty poh\u00e1dkov\u00e9 postai\u010dky jsou v\u0161echny z marcip\u00e1nu. Pro rodi\u010de: P\u0159edpokl\u00e1dan\u00fd n\u00e1vrat bude mezi 15 &#8211; 16 hodinou. [&hellip;]<\/p>\n","protected":false},"author":4,"featured_media":0,"comment_status":"closed","ping_status":"closed","sticky":false,"template":"","format":"standard","meta":{"ngg_post_thumbnail":0,"footnotes":""},"categories":[1,10],"tags":[],"class_list":["post-3965","post","type-post","status-publish","format-standard","hentry","category-aktuality","category-telocvik"],"_links":{"self":[{"href":"https:\/\/www.zsben.cz\/wordpress\/index.php?rest_route=\/wp\/v2\/posts\/3965","targetHints":{"allow":["GET"]}}],"collection":[{"href":"https:\/\/www.zsben.cz\/wordpress\/index.php?rest_route=\/wp\/v2\/posts"}],"about":[{"href":"https:\/\/www.zsben.cz\/wordpress\/index.php?rest_route=\/wp\/v2\/types\/post"}],"author":[{"embeddable":true,"href":"https:\/\/www.zsben.cz\/wordpress\/index.php?rest_route=\/wp\/v2\/users\/4"}],"replies":[{"embeddable":true,"href":"https:\/\/www.zsben.cz\/wordpress\/index.php?rest_route=%2Fwp%2Fv2%2Fcomments&post=3965"}],"version-history":[{"count":2,"href":"https:\/\/www.zsben.cz\/wordpress\/index.php?rest_route=\/wp\/v2\/posts\/3965\/revisions"}],"predecessor-version":[{"id":4162,"href":"https:\/\/www.zsben.cz\/wordpress\/index.php?rest_route=\/wp\/v2\/posts\/3965\/revisions\/4162"}],"wp:attachment":[{"href":"https:\/\/www.zsben.cz\/wordpress\/index.php?rest_route=%2Fwp%2Fv2%2Fmedia&parent=3965"}],"wp:term":[{"taxonomy":"category","embeddable":true,"href":"https:\/\/www.zsben.cz\/wordpress\/index.php?rest_route=%2Fwp%2Fv2%2Fcategories&post=3965"},{"taxonomy":"post_tag","embeddable":true,"href":"https:\/\/www.zsben.cz\/wordpress\/index.php?rest_route=%2Fwp%2Fv2%2Ftags&post=3965"}],"curies":[{"name":"wp","href":"https:\/\/api.w.org\/{rel}","templated":true}]}}