{"id":3434,"date":"2012-01-18T00:39:55","date_gmt":"2012-01-17T23:39:55","guid":{"rendered":"http:\/\/www.zsben.cz\/wordpress\/?p=3434"},"modified":"2012-01-18T00:41:57","modified_gmt":"2012-01-17T23:41:57","slug":"hory-2012-3-dil","status":"publish","type":"post","link":"https:\/\/www.zsben.cz\/wordpress\/?p=3434","title":{"rendered":"Hory 2012 &#8211; 3. d\u00edl"},"content":{"rendered":"<p>Tak dal\u0161\u00ed den za n\u00e1mi. Odpo\u010dinkov\u00fd p\u016flden jsme si u\u017eili stav\u011bn\u00edm v\u00fdtvor\u016f ze sn\u011bhu &#8211; a n\u011bkter\u00e9 se opravdu povedly. Sn\u00edh jsme m\u011bli opravdu v\u0161ude, ale n\u00e1ladu n\u00e1m to nezkazilo. Druh\u00e1 \u010d\u00e1st dne byla pak v\u011bnov\u00e1na v\u00fdcviku sjezdov\u00e9ho ly\u017eov\u00e1n\u00ed. Jen speci\u00e1ln\u00ed &#8220;vrcholov\u00e9 dru\u017estvo &#8221; pod veden\u00edm pana u\u010ditele Kr\u010dmy vyrazilo na b\u011b\u017ek\u00e1ch sm\u011brem k bufetu na rozcest\u00ed. Po ve\u010de\u0159i jsme m\u011bli mo\u017enost z\u00fa\u010dastnit se ve\u010dern\u00edho ly\u017eov\u00e1n\u00ed. V\u0161ichni jsme ve zdrav\u00ed p\u0159e\u017eili a taky jsme si u\u017eili.<\/p>\n<p style=\"text-align: center;\">ngg_shortcode_0_placeholder<\/p>\n<div class=\"fcbkbttn_buttons_block\" id=\"fcbkbttn_left\"><div class=\"fcbkbttn_like \"><div class=\"fb-like fb-like-button_count\" data-href=\"https:\/\/www.zsben.cz\/wordpress\/?p=3434\" data-colorscheme=\"light\" data-layout=\"button_count\" data-action=\"like\"  data-size=\"small\"><\/div><\/div><div class=\"fb-share-button  \" data-href=\"https:\/\/www.zsben.cz\/wordpress\/?p=3434\" data-type=\"button_count\" data-size=\"small\"><\/div><\/div>","protected":false},"excerpt":{"rendered":"<p>Tak dal\u0161\u00ed den za n\u00e1mi. Odpo\u010dinkov\u00fd p\u016flden jsme si u\u017eili stav\u011bn\u00edm v\u00fdtvor\u016f ze sn\u011bhu &#8211; a n\u011bkter\u00e9 se opravdu povedly. Sn\u00edh jsme m\u011bli opravdu v\u0161ude, ale n\u00e1ladu n\u00e1m to nezkazilo. Druh\u00e1 \u010d\u00e1st dne byla pak v\u011bnov\u00e1na v\u00fdcviku sjezdov\u00e9ho ly\u017eov\u00e1n\u00ed. Jen speci\u00e1ln\u00ed &#8220;vrcholov\u00e9 dru\u017estvo &#8221; pod veden\u00edm pana u\u010ditele Kr\u010dmy vyrazilo na b\u011b\u017ek\u00e1ch sm\u011brem k bufetu [&hellip;]<\/p>\n","protected":false},"author":1,"featured_media":0,"comment_status":"closed","ping_status":"closed","sticky":false,"template":"","format":"standard","meta":{"ngg_post_thumbnail":0,"footnotes":""},"categories":[1],"tags":[],"class_list":["post-3434","post","type-post","status-publish","format-standard","hentry","category-aktuality"],"_links":{"self":[{"href":"https:\/\/www.zsben.cz\/wordpress\/index.php?rest_route=\/wp\/v2\/posts\/3434","targetHints":{"allow":["GET"]}}],"collection":[{"href":"https:\/\/www.zsben.cz\/wordpress\/index.php?rest_route=\/wp\/v2\/posts"}],"about":[{"href":"https:\/\/www.zsben.cz\/wordpress\/index.php?rest_route=\/wp\/v2\/types\/post"}],"author":[{"embeddable":true,"href":"https:\/\/www.zsben.cz\/wordpress\/index.php?rest_route=\/wp\/v2\/users\/1"}],"replies":[{"embeddable":true,"href":"https:\/\/www.zsben.cz\/wordpress\/index.php?rest_route=%2Fwp%2Fv2%2Fcomments&post=3434"}],"version-history":[{"count":3,"href":"https:\/\/www.zsben.cz\/wordpress\/index.php?rest_route=\/wp\/v2\/posts\/3434\/revisions"}],"predecessor-version":[{"id":3436,"href":"https:\/\/www.zsben.cz\/wordpress\/index.php?rest_route=\/wp\/v2\/posts\/3434\/revisions\/3436"}],"wp:attachment":[{"href":"https:\/\/www.zsben.cz\/wordpress\/index.php?rest_route=%2Fwp%2Fv2%2Fmedia&parent=3434"}],"wp:term":[{"taxonomy":"category","embeddable":true,"href":"https:\/\/www.zsben.cz\/wordpress\/index.php?rest_route=%2Fwp%2Fv2%2Fcategories&post=3434"},{"taxonomy":"post_tag","embeddable":true,"href":"https:\/\/www.zsben.cz\/wordpress\/index.php?rest_route=%2Fwp%2Fv2%2Ftags&post=3434"}],"curies":[{"name":"wp","href":"https:\/\/api.w.org\/{rel}","templated":true}]}}