{"id":3287,"date":"2011-12-14T15:23:59","date_gmt":"2011-12-14T14:23:59","guid":{"rendered":"http:\/\/www.zsben.cz\/wordpress\/?p=3287"},"modified":"2011-12-14T15:23:59","modified_gmt":"2011-12-14T14:23:59","slug":"vanocni-hrajeme-si-na-skolu","status":"publish","type":"post","link":"https:\/\/www.zsben.cz\/wordpress\/?p=3287","title":{"rendered":"V\u00e1no\u010dn\u00ed &#8220;Hrajeme si na \u0161kolu&#8221;"},"content":{"rendered":"<p>\u00a0\u00a0\u00a0 Dal\u0161\u00ed na\u0161e setk\u00e1n\u00ed prob\u011bhlo ve znamen\u00ed bl\u00ed\u017e\u00edc\u00edch V\u00e1noc. A proto\u017ee zrovna bylo 5.12. \u2013 Mikul\u00e1\u0161e \u2013 bylo i po\u0159\u00e1dn\u011b \u010dertovsk\u00e9.\u00a0 Hledali jsme cesti\u010dku k\u00a0princezn\u011b, dokreslovali v\u00e1no\u010dn\u00ed ozdoby, kap\u0159\u00edk\u016fm po\u010d\u00edtali \u0161upinky, zdobili v\u00e1no\u010dn\u00ed strome\u010dek a pov\u00eddali si o V\u00e1noc\u00edch.Nakonec jsme rozdali \u010dertovskou masku a ,, pekeln\u011b \u201c jsme se vyfotili. Jen ten Mikul\u00e1\u0161 n\u00e1m chyb\u011bl !<\/p>\n<p>Moc se t\u011b\u0161\u00edme na dal\u0161\u00ed vesel\u00e9 setk\u00e1n\u00ed.<\/p>\n<p style=\"text-align: center\">ngg_shortcode_0_placeholder<\/p>\n<p style=\"text-align: center\">\u00a0<\/p>\n<div class=\"fcbkbttn_buttons_block\" id=\"fcbkbttn_left\"><div class=\"fcbkbttn_like \"><div class=\"fb-like fb-like-button_count\" data-href=\"https:\/\/www.zsben.cz\/wordpress\/?p=3287\" data-colorscheme=\"light\" data-layout=\"button_count\" data-action=\"like\"  data-size=\"small\"><\/div><\/div><div class=\"fb-share-button  \" data-href=\"https:\/\/www.zsben.cz\/wordpress\/?p=3287\" data-type=\"button_count\" data-size=\"small\"><\/div><\/div>","protected":false},"excerpt":{"rendered":"<p>\u00a0\u00a0\u00a0 Dal\u0161\u00ed na\u0161e setk\u00e1n\u00ed prob\u011bhlo ve znamen\u00ed bl\u00ed\u017e\u00edc\u00edch V\u00e1noc. A proto\u017ee zrovna bylo 5.12. \u2013 Mikul\u00e1\u0161e \u2013 bylo i po\u0159\u00e1dn\u011b \u010dertovsk\u00e9.\u00a0 Hledali jsme cesti\u010dku k\u00a0princezn\u011b, dokreslovali v\u00e1no\u010dn\u00ed ozdoby, kap\u0159\u00edk\u016fm po\u010d\u00edtali \u0161upinky, zdobili v\u00e1no\u010dn\u00ed strome\u010dek a pov\u00eddali si o V\u00e1noc\u00edch.Nakonec jsme rozdali \u010dertovskou masku a ,, pekeln\u011b \u201c jsme se vyfotili. Jen ten Mikul\u00e1\u0161 n\u00e1m chyb\u011bl [&hellip;]<\/p>\n","protected":false},"author":15,"featured_media":0,"comment_status":"closed","ping_status":"closed","sticky":false,"template":"","format":"standard","meta":{"ngg_post_thumbnail":0,"footnotes":""},"categories":[1],"tags":[],"class_list":["post-3287","post","type-post","status-publish","format-standard","hentry","category-aktuality"],"_links":{"self":[{"href":"https:\/\/www.zsben.cz\/wordpress\/index.php?rest_route=\/wp\/v2\/posts\/3287","targetHints":{"allow":["GET"]}}],"collection":[{"href":"https:\/\/www.zsben.cz\/wordpress\/index.php?rest_route=\/wp\/v2\/posts"}],"about":[{"href":"https:\/\/www.zsben.cz\/wordpress\/index.php?rest_route=\/wp\/v2\/types\/post"}],"author":[{"embeddable":true,"href":"https:\/\/www.zsben.cz\/wordpress\/index.php?rest_route=\/wp\/v2\/users\/15"}],"replies":[{"embeddable":true,"href":"https:\/\/www.zsben.cz\/wordpress\/index.php?rest_route=%2Fwp%2Fv2%2Fcomments&post=3287"}],"version-history":[{"count":2,"href":"https:\/\/www.zsben.cz\/wordpress\/index.php?rest_route=\/wp\/v2\/posts\/3287\/revisions"}],"predecessor-version":[{"id":3289,"href":"https:\/\/www.zsben.cz\/wordpress\/index.php?rest_route=\/wp\/v2\/posts\/3287\/revisions\/3289"}],"wp:attachment":[{"href":"https:\/\/www.zsben.cz\/wordpress\/index.php?rest_route=%2Fwp%2Fv2%2Fmedia&parent=3287"}],"wp:term":[{"taxonomy":"category","embeddable":true,"href":"https:\/\/www.zsben.cz\/wordpress\/index.php?rest_route=%2Fwp%2Fv2%2Fcategories&post=3287"},{"taxonomy":"post_tag","embeddable":true,"href":"https:\/\/www.zsben.cz\/wordpress\/index.php?rest_route=%2Fwp%2Fv2%2Ftags&post=3287"}],"curies":[{"name":"wp","href":"https:\/\/api.w.org\/{rel}","templated":true}]}}