{"id":3216,"date":"2011-11-29T14:24:24","date_gmt":"2011-11-29T13:24:24","guid":{"rendered":"http:\/\/www.zsben.cz\/wordpress\/?p=3216"},"modified":"2011-11-29T14:24:24","modified_gmt":"2011-11-29T13:24:24","slug":"skolni-druzina-vzdelavaci-program-my-jsme-kamaradi","status":"publish","type":"post","link":"https:\/\/www.zsben.cz\/wordpress\/?p=3216","title":{"rendered":"\u0160koln\u00ed dru\u017eina: Vzd\u011bl\u00e1vac\u00ed program &#8220;My jsme kamar\u00e1di&#8221;"},"content":{"rendered":"<p>Projekt: \u201eBarvy, barvy, barvi\u010dky\u201c<\/p>\n<p>Z\u00e1kladem projektu jsou zde \u010dinnosti, kter\u00e9 d\u011btem p\u0159in\u00e1\u0161ej\u00ed radostn\u00fd z\u00e1\u017eitek z\u00a0pozn\u00e1v\u00e1n\u00ed a vlastn\u00ed aktivity. V\u00a0projektu se sna\u017e\u00edme vn\u00edmat a sledovat p\u0159\u00edrodu, podn\u011bcovat d\u011bti k\u00a0praktick\u00fdm \u010dinnostem a propojen\u00ed s\u00a0ostatn\u00edmi vzd\u011bl\u00e1vac\u00edmi oblastmi. Ve fotogalerii si m\u016f\u017eete prohl\u00e9dnout v\u00fdrobky a v\u00fdtvarn\u00e9 pr\u00e1ce d\u011bt\u00ed, kter\u00e9 se zam\u011b\u0159uj\u00ed na rozmanitost podzimn\u00ed p\u0159\u00edrody.<\/p>\n<p>\u00a0\u00a0\u00a0\u00a0\u00a0\u00a0\u00a0\u00a0\u00a0\u00a0\u00a0\u00a0\u00a0\u00a0\u00a0\u00a0\u00a0\u00a0\u00a0\u00a0\u00a0\u00a0\u00a0\u00a0\u00a0\u00a0\u00a0\u00a0\u00a0\u00a0\u00a0\u00a0\u00a0\u00a0\u00a0 kolektiv vychovatelek \u0160D<\/p>\nngg_shortcode_0_placeholder\n<div class=\"fcbkbttn_buttons_block\" id=\"fcbkbttn_left\"><div class=\"fcbkbttn_like \"><div class=\"fb-like fb-like-button_count\" data-href=\"https:\/\/www.zsben.cz\/wordpress\/?p=3216\" data-colorscheme=\"light\" data-layout=\"button_count\" data-action=\"like\"  data-size=\"small\"><\/div><\/div><div class=\"fb-share-button  \" data-href=\"https:\/\/www.zsben.cz\/wordpress\/?p=3216\" data-type=\"button_count\" data-size=\"small\"><\/div><\/div>","protected":false},"excerpt":{"rendered":"<p>Projekt: \u201eBarvy, barvy, barvi\u010dky\u201c Z\u00e1kladem projektu jsou zde \u010dinnosti, kter\u00e9 d\u011btem p\u0159in\u00e1\u0161ej\u00ed radostn\u00fd z\u00e1\u017eitek z\u00a0pozn\u00e1v\u00e1n\u00ed a vlastn\u00ed aktivity. V\u00a0projektu se sna\u017e\u00edme vn\u00edmat a sledovat p\u0159\u00edrodu, podn\u011bcovat d\u011bti k\u00a0praktick\u00fdm \u010dinnostem a propojen\u00ed s\u00a0ostatn\u00edmi vzd\u011bl\u00e1vac\u00edmi oblastmi. Ve fotogalerii si m\u016f\u017eete prohl\u00e9dnout v\u00fdrobky a v\u00fdtvarn\u00e9 pr\u00e1ce d\u011bt\u00ed, kter\u00e9 se zam\u011b\u0159uj\u00ed na rozmanitost podzimn\u00ed p\u0159\u00edrody. \u00a0\u00a0\u00a0\u00a0\u00a0\u00a0\u00a0\u00a0\u00a0\u00a0\u00a0\u00a0\u00a0\u00a0\u00a0\u00a0\u00a0\u00a0\u00a0\u00a0\u00a0\u00a0\u00a0\u00a0\u00a0\u00a0\u00a0\u00a0\u00a0\u00a0\u00a0\u00a0\u00a0\u00a0\u00a0 kolektiv vychovatelek \u0160D<\/p>\n","protected":false},"author":18,"featured_media":0,"comment_status":"closed","ping_status":"closed","sticky":false,"template":"","format":"standard","meta":{"ngg_post_thumbnail":0,"footnotes":""},"categories":[1],"tags":[],"class_list":["post-3216","post","type-post","status-publish","format-standard","hentry","category-aktuality"],"_links":{"self":[{"href":"https:\/\/www.zsben.cz\/wordpress\/index.php?rest_route=\/wp\/v2\/posts\/3216","targetHints":{"allow":["GET"]}}],"collection":[{"href":"https:\/\/www.zsben.cz\/wordpress\/index.php?rest_route=\/wp\/v2\/posts"}],"about":[{"href":"https:\/\/www.zsben.cz\/wordpress\/index.php?rest_route=\/wp\/v2\/types\/post"}],"author":[{"embeddable":true,"href":"https:\/\/www.zsben.cz\/wordpress\/index.php?rest_route=\/wp\/v2\/users\/18"}],"replies":[{"embeddable":true,"href":"https:\/\/www.zsben.cz\/wordpress\/index.php?rest_route=%2Fwp%2Fv2%2Fcomments&post=3216"}],"version-history":[{"count":3,"href":"https:\/\/www.zsben.cz\/wordpress\/index.php?rest_route=\/wp\/v2\/posts\/3216\/revisions"}],"predecessor-version":[{"id":3219,"href":"https:\/\/www.zsben.cz\/wordpress\/index.php?rest_route=\/wp\/v2\/posts\/3216\/revisions\/3219"}],"wp:attachment":[{"href":"https:\/\/www.zsben.cz\/wordpress\/index.php?rest_route=%2Fwp%2Fv2%2Fmedia&parent=3216"}],"wp:term":[{"taxonomy":"category","embeddable":true,"href":"https:\/\/www.zsben.cz\/wordpress\/index.php?rest_route=%2Fwp%2Fv2%2Fcategories&post=3216"},{"taxonomy":"post_tag","embeddable":true,"href":"https:\/\/www.zsben.cz\/wordpress\/index.php?rest_route=%2Fwp%2Fv2%2Ftags&post=3216"}],"curies":[{"name":"wp","href":"https:\/\/api.w.org\/{rel}","templated":true}]}}