{"id":321,"date":"2008-10-30T15:12:35","date_gmt":"2008-10-30T14:12:35","guid":{"rendered":"http:\/\/www.zsben.cz\/wordpress\/?p=321"},"modified":"2008-10-30T22:14:46","modified_gmt":"2008-10-30T21:14:46","slug":"plavecke-zavody","status":"publish","type":"post","link":"https:\/\/www.zsben.cz\/wordpress\/?p=321","title":{"rendered":"Plaveck\u00e9 z\u00e1vody"},"content":{"rendered":"<p>Ve \u010dtvrtek 30.10. se dru\u017estvo sedmi d\u00edvek a dvan\u00e1cti chlapc\u016f z\u00fa\u010dastnilo okresn\u00edho p\u0159eboru v plav\u00e1n\u00ed. V kategorii mlad\u0161\u00edch \u017e\u00e1k\u016f a \u017e\u00e1ky\u0148 se z\u00e1vodilo v discipl\u00edn\u00e1ch 25 m kraul a 50 m prsa, v kategori\u00edch star\u0161\u00ed \u017e\u00e1ci a \u017e\u00e1kyn\u011b v discipl\u00edn\u00e1ch 50 m kraul, 50 m\u00a0a 100 m prsa.<\/p>\n<p style=\"text-align: center;\"><a href=\"http:\/\/www.zsben.cz\/wordpress\/wp-content\/uploads\/2008\/10\/100_7172.jpg\"><img loading=\"lazy\" decoding=\"async\" class=\"size-medium wp-image-326 aligncenter\" src=\"http:\/\/www.zsben.cz\/wordpress\/wp-content\/uploads\/2008\/10\/100_7172-300x200.jpg\" alt=\"Plaveck\u00e9 dru\u017estvo\" width=\"300\" height=\"200\" srcset=\"https:\/\/www.zsben.cz\/wordpress\/wp-content\/uploads\/2008\/10\/100_7172-300x200.jpg 300w, https:\/\/www.zsben.cz\/wordpress\/wp-content\/uploads\/2008\/10\/100_7172.jpg 600w\" sizes=\"auto, (max-width: 300px) 100vw, 300px\" \/><\/a><\/p>\n<p>Na stupn\u011b v\u00edt\u011bz\u016f vystoupilo sedm na\u0161ich z\u00e1vodn\u00edk\u016f:<\/p>\n<p><span style=\"underline;\"><strong>1. m\u00edsto<\/strong><\/span><\/p>\n<ul>\n<li>Vejvodov\u00e1 Tereza (25 m kraul) &#8211; <a href=\"http:\/\/www.zsben.cz\/wordpress\/wp-content\/uploads\/2008\/10\/diplom01.jpg\"><img loading=\"lazy\" decoding=\"async\" class=\"alignnone size-thumbnail wp-image-337\" title=\"diplom01\" src=\"http:\/\/www.zsben.cz\/wordpress\/wp-content\/uploads\/2008\/10\/diplom01-150x150.jpg\" alt=\"\" width=\"27\" height=\"31\" \/><\/a><\/li>\n<li>Janda\u010dov\u00e1 Nat\u00e1lie (50 m prsa) &#8211; <a href=\"http:\/\/www.zsben.cz\/wordpress\/wp-content\/uploads\/2008\/10\/diplom02.jpg\"><img loading=\"lazy\" decoding=\"async\" class=\"alignnone size-thumbnail wp-image-338\" title=\"diplom02\" src=\"http:\/\/www.zsben.cz\/wordpress\/wp-content\/uploads\/2008\/10\/diplom02-150x150.jpg\" alt=\"\" width=\"26\" height=\"29\" \/><\/a><\/li>\n<\/ul>\n<p><span style=\"underline;\"><strong>2. m\u00edsto<\/strong><\/span><\/p>\n<ul>\n<li>Vyhl\u00eddal Patrik (50 m prsa) &#8211; <a href=\"http:\/\/www.zsben.cz\/wordpress\/wp-content\/uploads\/2008\/10\/diplom04.jpg\"><img loading=\"lazy\" decoding=\"async\" class=\"alignnone size-thumbnail wp-image-340\" title=\"diplom04\" src=\"http:\/\/www.zsben.cz\/wordpress\/wp-content\/uploads\/2008\/10\/diplom04-150x150.jpg\" alt=\"\" width=\"36\" height=\"38\" \/><\/a><a href=\"http:\/\/www.zsben.cz\/wordpress\/wp-content\/uploads\/2008\/10\/diplom05.jpg\"><\/a><\/li>\n<li>Martinovi\u010d Pavel (50 m prsa) &#8211; <a href=\"http:\/\/www.zsben.cz\/wordpress\/wp-content\/uploads\/2008\/10\/diplom05.jpg\"><img loading=\"lazy\" decoding=\"async\" class=\"alignnone size-thumbnail wp-image-341\" title=\"diplom\" src=\"http:\/\/www.zsben.cz\/wordpress\/wp-content\/uploads\/2008\/10\/diplom05-150x150.jpg\" alt=\"\" width=\"32\" height=\"37\" \/><\/a><\/li>\n<li>Vachtl Petr (100 m prsa) &#8211; <a href=\"http:\/\/www.zsben.cz\/wordpress\/wp-content\/uploads\/2008\/10\/diplom07.jpg\"><img loading=\"lazy\" decoding=\"async\" class=\"alignnone size-thumbnail wp-image-336\" title=\"diplom07\" src=\"http:\/\/www.zsben.cz\/wordpress\/wp-content\/uploads\/2008\/10\/diplom07-150x150.jpg\" alt=\"\" width=\"24\" height=\"32\" \/><\/a><\/li>\n<\/ul>\n<p><strong><span style=\"underline;\">3. m\u00edsto<\/span><\/strong><\/p>\n<ul>\n<li>Hubinov\u00e1 Iveta (50 m prsa) &#8211; <a href=\"http:\/\/www.zsben.cz\/wordpress\/wp-content\/uploads\/2008\/10\/diplom06.jpg\"><img loading=\"lazy\" decoding=\"async\" class=\"alignnone size-thumbnail wp-image-342\" title=\"diplom06\" src=\"http:\/\/www.zsben.cz\/wordpress\/wp-content\/uploads\/2008\/10\/diplom06-150x150.jpg\" alt=\"\" width=\"30\" height=\"40\" \/><\/a><\/li>\n<li>Vesel\u00fd Radek (50 m prsa) &#8211; <a href=\"http:\/\/www.zsben.cz\/wordpress\/wp-content\/uploads\/2008\/10\/diplom03.jpg\"><img loading=\"lazy\" decoding=\"async\" class=\"alignnone size-thumbnail wp-image-339\" title=\"diplom03\" src=\"http:\/\/www.zsben.cz\/wordpress\/wp-content\/uploads\/2008\/10\/diplom03-150x150.jpg\" alt=\"\" width=\"24\" height=\"29\" \/><\/a><\/li>\n<\/ul>\n<p style=\"text-align: center;\"><a href=\"http:\/\/www.zsben.cz\/wordpress\/wp-content\/uploads\/2008\/10\/100_7173.jpg\"><img loading=\"lazy\" decoding=\"async\" class=\"size-medium wp-image-329\" src=\"http:\/\/www.zsben.cz\/wordpress\/wp-content\/uploads\/2008\/10\/100_7173-300x200.jpg\" alt=\"Medailist\u00e9 z Dukelsk\u00e9\" width=\"300\" height=\"200\" srcset=\"https:\/\/www.zsben.cz\/wordpress\/wp-content\/uploads\/2008\/10\/100_7173-300x200.jpg 300w, https:\/\/www.zsben.cz\/wordpress\/wp-content\/uploads\/2008\/10\/100_7173.jpg 600w\" sizes=\"auto, (max-width: 300px) 100vw, 300px\" \/><\/a><\/p>\n<p>V\u0161em sprtovc\u016fm d\u011bkujeme za vzornou reprezentaci \u0161koly a medailist\u016fm blahop\u0159ejeme.<\/p>\n<div class=\"fcbkbttn_buttons_block\" id=\"fcbkbttn_left\"><div class=\"fcbkbttn_like \"><div class=\"fb-like fb-like-button_count\" data-href=\"https:\/\/www.zsben.cz\/wordpress\/?p=321\" data-colorscheme=\"light\" data-layout=\"button_count\" data-action=\"like\"  data-size=\"small\"><\/div><\/div><div class=\"fb-share-button  \" data-href=\"https:\/\/www.zsben.cz\/wordpress\/?p=321\" data-type=\"button_count\" data-size=\"small\"><\/div><\/div>","protected":false},"excerpt":{"rendered":"<p>Ve \u010dtvrtek 30.10. se dru\u017estvo sedmi d\u00edvek a dvan\u00e1cti chlapc\u016f z\u00fa\u010dastnilo okresn\u00edho p\u0159eboru v plav\u00e1n\u00ed. V kategorii mlad\u0161\u00edch \u017e\u00e1k\u016f a \u017e\u00e1ky\u0148 se z\u00e1vodilo v discipl\u00edn\u00e1ch 25 m kraul a 50 m prsa, v kategori\u00edch star\u0161\u00ed \u017e\u00e1ci a \u017e\u00e1kyn\u011b v discipl\u00edn\u00e1ch 50 m kraul, 50 m\u00a0a 100 m prsa. Na stupn\u011b v\u00edt\u011bz\u016f vystoupilo sedm na\u0161ich z\u00e1vodn\u00edk\u016f: [&hellip;]<\/p>\n","protected":false},"author":18,"featured_media":0,"comment_status":"closed","ping_status":"closed","sticky":false,"template":"","format":"standard","meta":{"ngg_post_thumbnail":0,"footnotes":""},"categories":[1],"tags":[],"class_list":["post-321","post","type-post","status-publish","format-standard","hentry","category-aktuality"],"_links":{"self":[{"href":"https:\/\/www.zsben.cz\/wordpress\/index.php?rest_route=\/wp\/v2\/posts\/321","targetHints":{"allow":["GET"]}}],"collection":[{"href":"https:\/\/www.zsben.cz\/wordpress\/index.php?rest_route=\/wp\/v2\/posts"}],"about":[{"href":"https:\/\/www.zsben.cz\/wordpress\/index.php?rest_route=\/wp\/v2\/types\/post"}],"author":[{"embeddable":true,"href":"https:\/\/www.zsben.cz\/wordpress\/index.php?rest_route=\/wp\/v2\/users\/18"}],"replies":[{"embeddable":true,"href":"https:\/\/www.zsben.cz\/wordpress\/index.php?rest_route=%2Fwp%2Fv2%2Fcomments&post=321"}],"version-history":[{"count":7,"href":"https:\/\/www.zsben.cz\/wordpress\/index.php?rest_route=\/wp\/v2\/posts\/321\/revisions"}],"predecessor-version":[{"id":335,"href":"https:\/\/www.zsben.cz\/wordpress\/index.php?rest_route=\/wp\/v2\/posts\/321\/revisions\/335"}],"wp:attachment":[{"href":"https:\/\/www.zsben.cz\/wordpress\/index.php?rest_route=%2Fwp%2Fv2%2Fmedia&parent=321"}],"wp:term":[{"taxonomy":"category","embeddable":true,"href":"https:\/\/www.zsben.cz\/wordpress\/index.php?rest_route=%2Fwp%2Fv2%2Fcategories&post=321"},{"taxonomy":"post_tag","embeddable":true,"href":"https:\/\/www.zsben.cz\/wordpress\/index.php?rest_route=%2Fwp%2Fv2%2Ftags&post=321"}],"curies":[{"name":"wp","href":"https:\/\/api.w.org\/{rel}","templated":true}]}}