{"id":3196,"date":"2011-11-22T08:21:57","date_gmt":"2011-11-22T07:21:57","guid":{"rendered":"http:\/\/www.zsben.cz\/wordpress\/?p=3196"},"modified":"2011-11-22T08:21:57","modified_gmt":"2011-11-22T07:21:57","slug":"basketbalovy-turnaj","status":"publish","type":"post","link":"https:\/\/www.zsben.cz\/wordpress\/?p=3196","title":{"rendered":"Basketbalov\u00fd turnaj"},"content":{"rendered":"<p>Dne 15.11. prob\u011bhl na na\u0161\u00ed \u0161kole okresn\u00ed p\u0159ebor basketbalu kategorie chlapc\u016f. Na\u0161\u00ed \u0161kolu h\u00e1jily 2 dru\u017estva &#8211; kategorie 8., 9. t\u0159\u00edd a 6.,7. t\u0159\u00edd pro kter\u00e9 tento turnaj znamenal sb\u00edr\u00e1n\u00ed zku\u0161enost\u00ed a um\u00edstilo se na 6. m\u00edst\u011b. Dru\u017estvo star\u0161\u00edch chlapc\u016f turnaj s p\u0159ehledem vyhr\u00e1lo. V\u011b\u0159\u00edme, \u017ee i d\u00edvk\u00e1m se bude ve \u010dtvrtek da\u0159it stejn\u011b.<\/p>\n<p>V\u0161em gratulujeme a p\u0159ejeme mnoho dal\u0161\u00edch \u00fasp\u011bch\u016f.<\/p>\n<p>Fotografie dod\u00e1me v nejbli\u017e\u0161\u00ed dob\u011b.<\/p>\n<div class=\"fcbkbttn_buttons_block\" id=\"fcbkbttn_left\"><div class=\"fcbkbttn_like \"><div class=\"fb-like fb-like-button_count\" data-href=\"https:\/\/www.zsben.cz\/wordpress\/?p=3196\" data-colorscheme=\"light\" data-layout=\"button_count\" data-action=\"like\"  data-size=\"small\"><\/div><\/div><div class=\"fb-share-button  \" data-href=\"https:\/\/www.zsben.cz\/wordpress\/?p=3196\" data-type=\"button_count\" data-size=\"small\"><\/div><\/div>","protected":false},"excerpt":{"rendered":"<p>Dne 15.11. prob\u011bhl na na\u0161\u00ed \u0161kole okresn\u00ed p\u0159ebor basketbalu kategorie chlapc\u016f. Na\u0161\u00ed \u0161kolu h\u00e1jily 2 dru\u017estva &#8211; kategorie 8., 9. t\u0159\u00edd a 6.,7. t\u0159\u00edd pro kter\u00e9 tento turnaj znamenal sb\u00edr\u00e1n\u00ed zku\u0161enost\u00ed a um\u00edstilo se na 6. m\u00edst\u011b. Dru\u017estvo star\u0161\u00edch chlapc\u016f turnaj s p\u0159ehledem vyhr\u00e1lo. V\u011b\u0159\u00edme, \u017ee i d\u00edvk\u00e1m se bude ve \u010dtvrtek da\u0159it stejn\u011b. V\u0161em [&hellip;]<\/p>\n","protected":false},"author":4,"featured_media":0,"comment_status":"closed","ping_status":"closed","sticky":false,"template":"","format":"standard","meta":{"ngg_post_thumbnail":0,"footnotes":""},"categories":[1],"tags":[],"class_list":["post-3196","post","type-post","status-publish","format-standard","hentry","category-aktuality"],"_links":{"self":[{"href":"https:\/\/www.zsben.cz\/wordpress\/index.php?rest_route=\/wp\/v2\/posts\/3196","targetHints":{"allow":["GET"]}}],"collection":[{"href":"https:\/\/www.zsben.cz\/wordpress\/index.php?rest_route=\/wp\/v2\/posts"}],"about":[{"href":"https:\/\/www.zsben.cz\/wordpress\/index.php?rest_route=\/wp\/v2\/types\/post"}],"author":[{"embeddable":true,"href":"https:\/\/www.zsben.cz\/wordpress\/index.php?rest_route=\/wp\/v2\/users\/4"}],"replies":[{"embeddable":true,"href":"https:\/\/www.zsben.cz\/wordpress\/index.php?rest_route=%2Fwp%2Fv2%2Fcomments&post=3196"}],"version-history":[{"count":2,"href":"https:\/\/www.zsben.cz\/wordpress\/index.php?rest_route=\/wp\/v2\/posts\/3196\/revisions"}],"predecessor-version":[{"id":3198,"href":"https:\/\/www.zsben.cz\/wordpress\/index.php?rest_route=\/wp\/v2\/posts\/3196\/revisions\/3198"}],"wp:attachment":[{"href":"https:\/\/www.zsben.cz\/wordpress\/index.php?rest_route=%2Fwp%2Fv2%2Fmedia&parent=3196"}],"wp:term":[{"taxonomy":"category","embeddable":true,"href":"https:\/\/www.zsben.cz\/wordpress\/index.php?rest_route=%2Fwp%2Fv2%2Fcategories&post=3196"},{"taxonomy":"post_tag","embeddable":true,"href":"https:\/\/www.zsben.cz\/wordpress\/index.php?rest_route=%2Fwp%2Fv2%2Ftags&post=3196"}],"curies":[{"name":"wp","href":"https:\/\/api.w.org\/{rel}","templated":true}]}}