{"id":30729,"date":"2015-10-12T15:05:44","date_gmt":"2015-10-12T13:05:44","guid":{"rendered":"http:\/\/www.zsben.cz\/wordpress\/?p=30729"},"modified":"2015-10-13T10:47:40","modified_gmt":"2015-10-13T08:47:40","slug":"sipky-pro-kone","status":"publish","type":"post","link":"https:\/\/www.zsben.cz\/wordpress\/?p=30729","title":{"rendered":"\u0160\u00edpky pro kon\u011b"},"content":{"rendered":"<p>\u017d\u00e1kovsk\u00e1 rada a t\u0159\u00edda 9. A vyhla\u0161uj\u00ed sout\u011b\u017e ve sb\u011bru \u0161\u00edpk\u016f pro star\u00e9 a nemocn\u00e9 kon\u011b, kte\u0159\u00ed cel\u00fd \u017eivot slou\u017eili \u010dlov\u011bku a kdy\u017e zest\u00e1rli \u010di za\u010dali m\u00edt zdravotn\u00ed probl\u00e9my, v\u011bt\u0161ina jejich majitel\u016f je odlo\u017eila do Domova pro kon\u011b. Je zde odlo\u017een i Tiumen, kter\u00fd 3x vyhr\u00e1l Velkou Pardubickou.<\/p>\n<p class=\"gde-text\"><a href=\"http:\/\/www.zsben.cz\/wordpress\/wp-content\/uploads\/2015\/10\/\u0160\u00edpky-pro-kon\u011b.pdf\" class=\"gde-link\" onClick=\"_gaq.push(['_trackEvent', 'Google Doc Embedder', 'St\u00e1hnout', this.href]);\">St\u00e1hnout (PDF, Nezn\u00e1m\u00fd)<\/a><\/p>\n<iframe src=\"\/\/docs.google.com\/viewer?url=http%3A%2F%2Fwww.zsben.cz%2Fwordpress%2Fwp-content%2Fuploads%2F2015%2F10%2F%C5%A0%C3%ADpky-pro-kon%C4%9B.pdf&hl=cs&embedded=true\" class=\"gde-frame\" style=\"width:100%; height:700px; border: none;\" scrolling=\"no\"><\/iframe>\n<div class=\"fcbkbttn_buttons_block\" id=\"fcbkbttn_left\"><div class=\"fcbkbttn_like \"><div class=\"fb-like fb-like-button_count\" data-href=\"https:\/\/www.zsben.cz\/wordpress\/?p=30729\" data-colorscheme=\"light\" data-layout=\"button_count\" data-action=\"like\"  data-size=\"small\"><\/div><\/div><div class=\"fb-share-button  \" data-href=\"https:\/\/www.zsben.cz\/wordpress\/?p=30729\" data-type=\"button_count\" data-size=\"small\"><\/div><\/div>","protected":false},"excerpt":{"rendered":"<p>\u017d\u00e1kovsk\u00e1 rada a t\u0159\u00edda 9. A vyhla\u0161uj\u00ed sout\u011b\u017e ve sb\u011bru \u0161\u00edpk\u016f pro star\u00e9 a nemocn\u00e9 kon\u011b, kte\u0159\u00ed cel\u00fd \u017eivot slou\u017eili \u010dlov\u011bku a kdy\u017e zest\u00e1rli \u010di za\u010dali m\u00edt zdravotn\u00ed probl\u00e9my, v\u011bt\u0161ina jejich majitel\u016f je odlo\u017eila do Domova pro kon\u011b. Je zde odlo\u017een i Tiumen, kter\u00fd 3x vyhr\u00e1l Velkou Pardubickou.<\/p>\n","protected":false},"author":1,"featured_media":0,"comment_status":"closed","ping_status":"closed","sticky":false,"template":"","format":"standard","meta":{"ngg_post_thumbnail":0,"footnotes":""},"categories":[1,23],"tags":[],"class_list":["post-30729","post","type-post","status-publish","format-standard","hentry","category-aktuality","category-novinky"],"_links":{"self":[{"href":"https:\/\/www.zsben.cz\/wordpress\/index.php?rest_route=\/wp\/v2\/posts\/30729","targetHints":{"allow":["GET"]}}],"collection":[{"href":"https:\/\/www.zsben.cz\/wordpress\/index.php?rest_route=\/wp\/v2\/posts"}],"about":[{"href":"https:\/\/www.zsben.cz\/wordpress\/index.php?rest_route=\/wp\/v2\/types\/post"}],"author":[{"embeddable":true,"href":"https:\/\/www.zsben.cz\/wordpress\/index.php?rest_route=\/wp\/v2\/users\/1"}],"replies":[{"embeddable":true,"href":"https:\/\/www.zsben.cz\/wordpress\/index.php?rest_route=%2Fwp%2Fv2%2Fcomments&post=30729"}],"version-history":[{"count":3,"href":"https:\/\/www.zsben.cz\/wordpress\/index.php?rest_route=\/wp\/v2\/posts\/30729\/revisions"}],"predecessor-version":[{"id":30980,"href":"https:\/\/www.zsben.cz\/wordpress\/index.php?rest_route=\/wp\/v2\/posts\/30729\/revisions\/30980"}],"wp:attachment":[{"href":"https:\/\/www.zsben.cz\/wordpress\/index.php?rest_route=%2Fwp%2Fv2%2Fmedia&parent=30729"}],"wp:term":[{"taxonomy":"category","embeddable":true,"href":"https:\/\/www.zsben.cz\/wordpress\/index.php?rest_route=%2Fwp%2Fv2%2Fcategories&post=30729"},{"taxonomy":"post_tag","embeddable":true,"href":"https:\/\/www.zsben.cz\/wordpress\/index.php?rest_route=%2Fwp%2Fv2%2Ftags&post=30729"}],"curies":[{"name":"wp","href":"https:\/\/api.w.org\/{rel}","templated":true}]}}