{"id":26961,"date":"2015-05-25T18:48:36","date_gmt":"2015-05-25T16:48:36","guid":{"rendered":"http:\/\/www.zsben.cz\/wordpress\/?p=26961"},"modified":"2015-05-25T18:50:20","modified_gmt":"2015-05-25T16:50:20","slug":"navsteva-poslanecke-snemovny-2","status":"publish","type":"post","link":"https:\/\/www.zsben.cz\/wordpress\/?p=26961","title":{"rendered":"N\u00e1v\u0161t\u011bva Poslaneck\u00e9 sn\u011bmovny"},"content":{"rendered":"<p>Dne 25. kv\u011btna nav\u0161t\u00edvila t\u0159\u00edda 8.B Thunovsk\u00fd pal\u00e1c, kde s\u00eddl\u00ed Poslaneck\u00e1 sn\u011bmovna \u010cR.\u00a0Nejprve jsme se\u00a0byli\u00a0pod\u00edvat u\u00a0pan\u00ed Ing. Jaroslavy Jermanov\u00e9, kter\u00e1 je 1. m\u00edstop\u0159edsedkyn\u00ed sn\u011bmovny. Ta n\u00e1s sezn\u00e1mila, jak to ve sn\u011bmovn\u011b prob\u00edh\u00e1, co je prac\u00ed poslance atd. Uk\u00e1zala n\u00e1m prostory sv\u00e9 kancel\u00e1\u0159e a p\u0159ipravila pro n\u00e1s dokonce poho\u0161t\u011bn\u00ed.<\/p>\n<p>Potom n\u00e1sledovala prohl\u00eddka sn\u011bmovny s velice sympatickou pr\u016fvodkyn\u00ed. Vid\u011bli jsme zasedac\u00ed s\u00e1l, kde jsme se si vyzkou\u0161eli, jak se poslanc\u016fm sed\u00ed. Zjistili jsme, \u017ee to nen\u00ed zrovna moc pohodln\u00e9.\ud83d\ude00 D\u00e1le jsme pro\u0161li tiskov\u00fd s\u00e1l a dal\u0161\u00ed r\u016fzn\u00e9 m\u00edstnosti pal\u00e1ce. V\u00fdlet se vyda\u0159il a douf\u00e1me, \u017ee nav\u0161t\u00edv\u00edme i horn\u00ed komoru parlamentu, co\u017e je Sen\u00e1t.<!-- [if gte vml 1]&gt;--><\/p>\n<p><!-- [if !vml]-->\ud83d\ude00<!--[endif]--><\/p>\n<p>David Vesel\u00fd 8.B<\/p>\n<p>\n<div class=\"ngg-galleryoverview ngg-slideshow\"\n\tid=\"ngg-slideshow-f085a90399d0c0af42ce38b96095abab-3219113310\"\n\tdata-gallery-id=\"f085a90399d0c0af42ce38b96095abab\"\n\tstyle=\"max-width: 480px;\n\t\t\tmax-height: 350px;\n\t\t\tdisplay: none;\">\n\n\t\n\t\t<a href=\"https:\/\/www.zsben.cz\/wordpress\/wp-content\/gallery\/poslanecka-snemovna-8-b-2015\/020.JPG\"\n\t\t\ttitle=\"\"\n\t\t\tdata-src=\"https:\/\/www.zsben.cz\/wordpress\/wp-content\/gallery\/poslanecka-snemovna-8-b-2015\/020.JPG\"\n\t\t\tdata-thumbnail=\"https:\/\/www.zsben.cz\/wordpress\/wp-content\/gallery\/poslanecka-snemovna-8-b-2015\/thumbs\/thumbs_020.JPG\"\n\t\t\tdata-image-id=\"33344\"\n\t\t\tdata-title=\"020.JPG\"\n\t\t\tdata-description=\"\"\n\t\t\t\t\t\t\t\t\t\t\t\t\t\t\t>\n\t\t\t\n\t\t\t<img data-image-id='33344'\n\t\t\t\ttitle=\"\"\n\t\t\t\talt=\"020.JPG\"\n\t\t\t\tsrc=\"https:\/\/www.zsben.cz\/wordpress\/wp-content\/gallery\/poslanecka-snemovna-8-b-2015\/020.JPG\"\n\t\t\t\tstyle=\"max-height: 330px;\"\/>\n\t\t<\/a>\n\n\t\t\n\t\t<a href=\"https:\/\/www.zsben.cz\/wordpress\/wp-content\/gallery\/poslanecka-snemovna-8-b-2015\/021.JPG\"\n\t\t\ttitle=\"\"\n\t\t\tdata-src=\"https:\/\/www.zsben.cz\/wordpress\/wp-content\/gallery\/poslanecka-snemovna-8-b-2015\/021.JPG\"\n\t\t\tdata-thumbnail=\"https:\/\/www.zsben.cz\/wordpress\/wp-content\/gallery\/poslanecka-snemovna-8-b-2015\/thumbs\/thumbs_021.JPG\"\n\t\t\tdata-image-id=\"33345\"\n\t\t\tdata-title=\"021.JPG\"\n\t\t\tdata-description=\"\"\n\t\t\t\t\t\t\t\t\t\t\t\t\t\t\t>\n\t\t\t\n\t\t\t<img data-image-id='33345'\n\t\t\t\ttitle=\"\"\n\t\t\t\talt=\"021.JPG\"\n\t\t\t\tsrc=\"https:\/\/www.zsben.cz\/wordpress\/wp-content\/gallery\/poslanecka-snemovna-8-b-2015\/021.JPG\"\n\t\t\t\tstyle=\"max-height: 330px;\"\/>\n\t\t<\/a>\n\n\t\t\n\t\t<a href=\"https:\/\/www.zsben.cz\/wordpress\/wp-content\/gallery\/poslanecka-snemovna-8-b-2015\/022.JPG\"\n\t\t\ttitle=\"\"\n\t\t\tdata-src=\"https:\/\/www.zsben.cz\/wordpress\/wp-content\/gallery\/poslanecka-snemovna-8-b-2015\/022.JPG\"\n\t\t\tdata-thumbnail=\"https:\/\/www.zsben.cz\/wordpress\/wp-content\/gallery\/poslanecka-snemovna-8-b-2015\/thumbs\/thumbs_022.JPG\"\n\t\t\tdata-image-id=\"33347\"\n\t\t\tdata-title=\"022.JPG\"\n\t\t\tdata-description=\"\"\n\t\t\t\t\t\t\t\t\t\t\t\t\t\t\t>\n\t\t\t\n\t\t\t<img data-image-id='33347'\n\t\t\t\ttitle=\"\"\n\t\t\t\talt=\"022.JPG\"\n\t\t\t\tsrc=\"https:\/\/www.zsben.cz\/wordpress\/wp-content\/gallery\/poslanecka-snemovna-8-b-2015\/022.JPG\"\n\t\t\t\tstyle=\"max-height: 330px;\"\/>\n\t\t<\/a>\n\n\t\t\n\t\t<a href=\"https:\/\/www.zsben.cz\/wordpress\/wp-content\/gallery\/poslanecka-snemovna-8-b-2015\/023.JPG\"\n\t\t\ttitle=\"\"\n\t\t\tdata-src=\"https:\/\/www.zsben.cz\/wordpress\/wp-content\/gallery\/poslanecka-snemovna-8-b-2015\/023.JPG\"\n\t\t\tdata-thumbnail=\"https:\/\/www.zsben.cz\/wordpress\/wp-content\/gallery\/poslanecka-snemovna-8-b-2015\/thumbs\/thumbs_023.JPG\"\n\t\t\tdata-image-id=\"33348\"\n\t\t\tdata-title=\"023.JPG\"\n\t\t\tdata-description=\"\"\n\t\t\t\t\t\t\t\t\t\t\t\t\t\t\t>\n\t\t\t\n\t\t\t<img data-image-id='33348'\n\t\t\t\ttitle=\"\"\n\t\t\t\talt=\"023.JPG\"\n\t\t\t\tsrc=\"https:\/\/www.zsben.cz\/wordpress\/wp-content\/gallery\/poslanecka-snemovna-8-b-2015\/023.JPG\"\n\t\t\t\tstyle=\"max-height: 330px;\"\/>\n\t\t<\/a>\n\n\t\t\n\t\t<a href=\"https:\/\/www.zsben.cz\/wordpress\/wp-content\/gallery\/poslanecka-snemovna-8-b-2015\/024.JPG\"\n\t\t\ttitle=\"\"\n\t\t\tdata-src=\"https:\/\/www.zsben.cz\/wordpress\/wp-content\/gallery\/poslanecka-snemovna-8-b-2015\/024.JPG\"\n\t\t\tdata-thumbnail=\"https:\/\/www.zsben.cz\/wordpress\/wp-content\/gallery\/poslanecka-snemovna-8-b-2015\/thumbs\/thumbs_024.JPG\"\n\t\t\tdata-image-id=\"33349\"\n\t\t\tdata-title=\"024.JPG\"\n\t\t\tdata-description=\"\"\n\t\t\t\t\t\t\t\t\t\t\t\t\t\t\t>\n\t\t\t\n\t\t\t<img data-image-id='33349'\n\t\t\t\ttitle=\"\"\n\t\t\t\talt=\"024.JPG\"\n\t\t\t\tsrc=\"https:\/\/www.zsben.cz\/wordpress\/wp-content\/gallery\/poslanecka-snemovna-8-b-2015\/024.JPG\"\n\t\t\t\tstyle=\"max-height: 330px;\"\/>\n\t\t<\/a>\n\n\t\t\n\t\t<a href=\"https:\/\/www.zsben.cz\/wordpress\/wp-content\/gallery\/poslanecka-snemovna-8-b-2015\/025.JPG\"\n\t\t\ttitle=\"\"\n\t\t\tdata-src=\"https:\/\/www.zsben.cz\/wordpress\/wp-content\/gallery\/poslanecka-snemovna-8-b-2015\/025.JPG\"\n\t\t\tdata-thumbnail=\"https:\/\/www.zsben.cz\/wordpress\/wp-content\/gallery\/poslanecka-snemovna-8-b-2015\/thumbs\/thumbs_025.JPG\"\n\t\t\tdata-image-id=\"33350\"\n\t\t\tdata-title=\"025.JPG\"\n\t\t\tdata-description=\"\"\n\t\t\t\t\t\t\t\t\t\t\t\t\t\t\t>\n\t\t\t\n\t\t\t<img data-image-id='33350'\n\t\t\t\ttitle=\"\"\n\t\t\t\talt=\"025.JPG\"\n\t\t\t\tsrc=\"https:\/\/www.zsben.cz\/wordpress\/wp-content\/gallery\/poslanecka-snemovna-8-b-2015\/025.JPG\"\n\t\t\t\tstyle=\"max-height: 330px;\"\/>\n\t\t<\/a>\n\n\t\t\n\t\t<a href=\"https:\/\/www.zsben.cz\/wordpress\/wp-content\/gallery\/poslanecka-snemovna-8-b-2015\/026.JPG\"\n\t\t\ttitle=\"\"\n\t\t\tdata-src=\"https:\/\/www.zsben.cz\/wordpress\/wp-content\/gallery\/poslanecka-snemovna-8-b-2015\/026.JPG\"\n\t\t\tdata-thumbnail=\"https:\/\/www.zsben.cz\/wordpress\/wp-content\/gallery\/poslanecka-snemovna-8-b-2015\/thumbs\/thumbs_026.JPG\"\n\t\t\tdata-image-id=\"33352\"\n\t\t\tdata-title=\"026.JPG\"\n\t\t\tdata-description=\"\"\n\t\t\t\t\t\t\t\t\t\t\t\t\t\t\t>\n\t\t\t\n\t\t\t<img data-image-id='33352'\n\t\t\t\ttitle=\"\"\n\t\t\t\talt=\"026.JPG\"\n\t\t\t\tsrc=\"https:\/\/www.zsben.cz\/wordpress\/wp-content\/gallery\/poslanecka-snemovna-8-b-2015\/026.JPG\"\n\t\t\t\tstyle=\"max-height: 330px;\"\/>\n\t\t<\/a>\n\n\t\t\n\t\t<a href=\"https:\/\/www.zsben.cz\/wordpress\/wp-content\/gallery\/poslanecka-snemovna-8-b-2015\/027.JPG\"\n\t\t\ttitle=\"\"\n\t\t\tdata-src=\"https:\/\/www.zsben.cz\/wordpress\/wp-content\/gallery\/poslanecka-snemovna-8-b-2015\/027.JPG\"\n\t\t\tdata-thumbnail=\"https:\/\/www.zsben.cz\/wordpress\/wp-content\/gallery\/poslanecka-snemovna-8-b-2015\/thumbs\/thumbs_027.JPG\"\n\t\t\tdata-image-id=\"33353\"\n\t\t\tdata-title=\"027.JPG\"\n\t\t\tdata-description=\"\"\n\t\t\t\t\t\t\t\t\t\t\t\t\t\t\t>\n\t\t\t\n\t\t\t<img data-image-id='33353'\n\t\t\t\ttitle=\"\"\n\t\t\t\talt=\"027.JPG\"\n\t\t\t\tsrc=\"https:\/\/www.zsben.cz\/wordpress\/wp-content\/gallery\/poslanecka-snemovna-8-b-2015\/027.JPG\"\n\t\t\t\tstyle=\"max-height: 330px;\"\/>\n\t\t<\/a>\n\n\t\t\n\t\t<a href=\"https:\/\/www.zsben.cz\/wordpress\/wp-content\/gallery\/poslanecka-snemovna-8-b-2015\/028.JPG\"\n\t\t\ttitle=\"\"\n\t\t\tdata-src=\"https:\/\/www.zsben.cz\/wordpress\/wp-content\/gallery\/poslanecka-snemovna-8-b-2015\/028.JPG\"\n\t\t\tdata-thumbnail=\"https:\/\/www.zsben.cz\/wordpress\/wp-content\/gallery\/poslanecka-snemovna-8-b-2015\/thumbs\/thumbs_028.JPG\"\n\t\t\tdata-image-id=\"33354\"\n\t\t\tdata-title=\"028.JPG\"\n\t\t\tdata-description=\"\"\n\t\t\t\t\t\t\t\t\t\t\t\t\t\t\t>\n\t\t\t\n\t\t\t<img data-image-id='33354'\n\t\t\t\ttitle=\"\"\n\t\t\t\talt=\"028.JPG\"\n\t\t\t\tsrc=\"https:\/\/www.zsben.cz\/wordpress\/wp-content\/gallery\/poslanecka-snemovna-8-b-2015\/028.JPG\"\n\t\t\t\tstyle=\"max-height: 330px;\"\/>\n\t\t<\/a>\n\n\t\t\n\t\t<a href=\"https:\/\/www.zsben.cz\/wordpress\/wp-content\/gallery\/poslanecka-snemovna-8-b-2015\/029.JPG\"\n\t\t\ttitle=\"\"\n\t\t\tdata-src=\"https:\/\/www.zsben.cz\/wordpress\/wp-content\/gallery\/poslanecka-snemovna-8-b-2015\/029.JPG\"\n\t\t\tdata-thumbnail=\"https:\/\/www.zsben.cz\/wordpress\/wp-content\/gallery\/poslanecka-snemovna-8-b-2015\/thumbs\/thumbs_029.JPG\"\n\t\t\tdata-image-id=\"33355\"\n\t\t\tdata-title=\"029.JPG\"\n\t\t\tdata-description=\"\"\n\t\t\t\t\t\t\t\t\t\t\t\t\t\t\t>\n\t\t\t\n\t\t\t<img data-image-id='33355'\n\t\t\t\ttitle=\"\"\n\t\t\t\talt=\"029.JPG\"\n\t\t\t\tsrc=\"https:\/\/www.zsben.cz\/wordpress\/wp-content\/gallery\/poslanecka-snemovna-8-b-2015\/029.JPG\"\n\t\t\t\tstyle=\"max-height: 330px;\"\/>\n\t\t<\/a>\n\n\t\t\n\t\t<a href=\"https:\/\/www.zsben.cz\/wordpress\/wp-content\/gallery\/poslanecka-snemovna-8-b-2015\/030.JPG\"\n\t\t\ttitle=\"\"\n\t\t\tdata-src=\"https:\/\/www.zsben.cz\/wordpress\/wp-content\/gallery\/poslanecka-snemovna-8-b-2015\/030.JPG\"\n\t\t\tdata-thumbnail=\"https:\/\/www.zsben.cz\/wordpress\/wp-content\/gallery\/poslanecka-snemovna-8-b-2015\/thumbs\/thumbs_030.JPG\"\n\t\t\tdata-image-id=\"33357\"\n\t\t\tdata-title=\"030.JPG\"\n\t\t\tdata-description=\"\"\n\t\t\t\t\t\t\t\t\t\t\t\t\t\t\t>\n\t\t\t\n\t\t\t<img data-image-id='33357'\n\t\t\t\ttitle=\"\"\n\t\t\t\talt=\"030.JPG\"\n\t\t\t\tsrc=\"https:\/\/www.zsben.cz\/wordpress\/wp-content\/gallery\/poslanecka-snemovna-8-b-2015\/030.JPG\"\n\t\t\t\tstyle=\"max-height: 330px;\"\/>\n\t\t<\/a>\n\n\t\t\n\t\t<a href=\"https:\/\/www.zsben.cz\/wordpress\/wp-content\/gallery\/poslanecka-snemovna-8-b-2015\/031.JPG\"\n\t\t\ttitle=\"\"\n\t\t\tdata-src=\"https:\/\/www.zsben.cz\/wordpress\/wp-content\/gallery\/poslanecka-snemovna-8-b-2015\/031.JPG\"\n\t\t\tdata-thumbnail=\"https:\/\/www.zsben.cz\/wordpress\/wp-content\/gallery\/poslanecka-snemovna-8-b-2015\/thumbs\/thumbs_031.JPG\"\n\t\t\tdata-image-id=\"33358\"\n\t\t\tdata-title=\"031.JPG\"\n\t\t\tdata-description=\"\"\n\t\t\t\t\t\t\t\t\t\t\t\t\t\t\t>\n\t\t\t\n\t\t\t<img data-image-id='33358'\n\t\t\t\ttitle=\"\"\n\t\t\t\talt=\"031.JPG\"\n\t\t\t\tsrc=\"https:\/\/www.zsben.cz\/wordpress\/wp-content\/gallery\/poslanecka-snemovna-8-b-2015\/031.JPG\"\n\t\t\t\tstyle=\"max-height: 330px;\"\/>\n\t\t<\/a>\n\n\t\t\n\t\t<a href=\"https:\/\/www.zsben.cz\/wordpress\/wp-content\/gallery\/poslanecka-snemovna-8-b-2015\/033.JPG\"\n\t\t\ttitle=\"\"\n\t\t\tdata-src=\"https:\/\/www.zsben.cz\/wordpress\/wp-content\/gallery\/poslanecka-snemovna-8-b-2015\/033.JPG\"\n\t\t\tdata-thumbnail=\"https:\/\/www.zsben.cz\/wordpress\/wp-content\/gallery\/poslanecka-snemovna-8-b-2015\/thumbs\/thumbs_033.JPG\"\n\t\t\tdata-image-id=\"33359\"\n\t\t\tdata-title=\"033.JPG\"\n\t\t\tdata-description=\"\"\n\t\t\t\t\t\t\t\t\t\t\t\t\t\t\t>\n\t\t\t\n\t\t\t<img data-image-id='33359'\n\t\t\t\ttitle=\"\"\n\t\t\t\talt=\"033.JPG\"\n\t\t\t\tsrc=\"https:\/\/www.zsben.cz\/wordpress\/wp-content\/gallery\/poslanecka-snemovna-8-b-2015\/033.JPG\"\n\t\t\t\tstyle=\"max-height: 330px;\"\/>\n\t\t<\/a>\n\n\t\t\n\t\t<a href=\"https:\/\/www.zsben.cz\/wordpress\/wp-content\/gallery\/poslanecka-snemovna-8-b-2015\/034.JPG\"\n\t\t\ttitle=\"\"\n\t\t\tdata-src=\"https:\/\/www.zsben.cz\/wordpress\/wp-content\/gallery\/poslanecka-snemovna-8-b-2015\/034.JPG\"\n\t\t\tdata-thumbnail=\"https:\/\/www.zsben.cz\/wordpress\/wp-content\/gallery\/poslanecka-snemovna-8-b-2015\/thumbs\/thumbs_034.JPG\"\n\t\t\tdata-image-id=\"33360\"\n\t\t\tdata-title=\"034.JPG\"\n\t\t\tdata-description=\"\"\n\t\t\t\t\t\t\t\t\t\t\t\t\t\t\t>\n\t\t\t\n\t\t\t<img data-image-id='33360'\n\t\t\t\ttitle=\"\"\n\t\t\t\talt=\"034.JPG\"\n\t\t\t\tsrc=\"https:\/\/www.zsben.cz\/wordpress\/wp-content\/gallery\/poslanecka-snemovna-8-b-2015\/034.JPG\"\n\t\t\t\tstyle=\"max-height: 330px;\"\/>\n\t\t<\/a>\n\n\t\t\n\t\t<a href=\"https:\/\/www.zsben.cz\/wordpress\/wp-content\/gallery\/poslanecka-snemovna-8-b-2015\/036.JPG\"\n\t\t\ttitle=\"\"\n\t\t\tdata-src=\"https:\/\/www.zsben.cz\/wordpress\/wp-content\/gallery\/poslanecka-snemovna-8-b-2015\/036.JPG\"\n\t\t\tdata-thumbnail=\"https:\/\/www.zsben.cz\/wordpress\/wp-content\/gallery\/poslanecka-snemovna-8-b-2015\/thumbs\/thumbs_036.JPG\"\n\t\t\tdata-image-id=\"33361\"\n\t\t\tdata-title=\"036.JPG\"\n\t\t\tdata-description=\"\"\n\t\t\t\t\t\t\t\t\t\t\t\t\t\t\t>\n\t\t\t\n\t\t\t<img data-image-id='33361'\n\t\t\t\ttitle=\"\"\n\t\t\t\talt=\"036.JPG\"\n\t\t\t\tsrc=\"https:\/\/www.zsben.cz\/wordpress\/wp-content\/gallery\/poslanecka-snemovna-8-b-2015\/036.JPG\"\n\t\t\t\tstyle=\"max-height: 330px;\"\/>\n\t\t<\/a>\n\n\t\t\n\t\t<a href=\"https:\/\/www.zsben.cz\/wordpress\/wp-content\/gallery\/poslanecka-snemovna-8-b-2015\/037.JPG\"\n\t\t\ttitle=\"\"\n\t\t\tdata-src=\"https:\/\/www.zsben.cz\/wordpress\/wp-content\/gallery\/poslanecka-snemovna-8-b-2015\/037.JPG\"\n\t\t\tdata-thumbnail=\"https:\/\/www.zsben.cz\/wordpress\/wp-content\/gallery\/poslanecka-snemovna-8-b-2015\/thumbs\/thumbs_037.JPG\"\n\t\t\tdata-image-id=\"33362\"\n\t\t\tdata-title=\"037.JPG\"\n\t\t\tdata-description=\"\"\n\t\t\t\t\t\t\t\t\t\t\t\t\t\t\t>\n\t\t\t\n\t\t\t<img data-image-id='33362'\n\t\t\t\ttitle=\"\"\n\t\t\t\talt=\"037.JPG\"\n\t\t\t\tsrc=\"https:\/\/www.zsben.cz\/wordpress\/wp-content\/gallery\/poslanecka-snemovna-8-b-2015\/037.JPG\"\n\t\t\t\tstyle=\"max-height: 330px;\"\/>\n\t\t<\/a>\n\n\t\t\n\t\t<a href=\"https:\/\/www.zsben.cz\/wordpress\/wp-content\/gallery\/poslanecka-snemovna-8-b-2015\/042.JPG\"\n\t\t\ttitle=\"\"\n\t\t\tdata-src=\"https:\/\/www.zsben.cz\/wordpress\/wp-content\/gallery\/poslanecka-snemovna-8-b-2015\/042.JPG\"\n\t\t\tdata-thumbnail=\"https:\/\/www.zsben.cz\/wordpress\/wp-content\/gallery\/poslanecka-snemovna-8-b-2015\/thumbs\/thumbs_042.JPG\"\n\t\t\tdata-image-id=\"33364\"\n\t\t\tdata-title=\"042.JPG\"\n\t\t\tdata-description=\"\"\n\t\t\t\t\t\t\t\t\t\t\t\t\t\t\t>\n\t\t\t\n\t\t\t<img data-image-id='33364'\n\t\t\t\ttitle=\"\"\n\t\t\t\talt=\"042.JPG\"\n\t\t\t\tsrc=\"https:\/\/www.zsben.cz\/wordpress\/wp-content\/gallery\/poslanecka-snemovna-8-b-2015\/042.JPG\"\n\t\t\t\tstyle=\"max-height: 330px;\"\/>\n\t\t<\/a>\n\n\t\t\n\t\t<a href=\"https:\/\/www.zsben.cz\/wordpress\/wp-content\/gallery\/poslanecka-snemovna-8-b-2015\/043.JPG\"\n\t\t\ttitle=\"\"\n\t\t\tdata-src=\"https:\/\/www.zsben.cz\/wordpress\/wp-content\/gallery\/poslanecka-snemovna-8-b-2015\/043.JPG\"\n\t\t\tdata-thumbnail=\"https:\/\/www.zsben.cz\/wordpress\/wp-content\/gallery\/poslanecka-snemovna-8-b-2015\/thumbs\/thumbs_043.JPG\"\n\t\t\tdata-image-id=\"33365\"\n\t\t\tdata-title=\"043.JPG\"\n\t\t\tdata-description=\"\"\n\t\t\t\t\t\t\t\t\t\t\t\t\t\t\t>\n\t\t\t\n\t\t\t<img data-image-id='33365'\n\t\t\t\ttitle=\"\"\n\t\t\t\talt=\"043.JPG\"\n\t\t\t\tsrc=\"https:\/\/www.zsben.cz\/wordpress\/wp-content\/gallery\/poslanecka-snemovna-8-b-2015\/043.JPG\"\n\t\t\t\tstyle=\"max-height: 330px;\"\/>\n\t\t<\/a>\n\n\t\t\n\t\t<a href=\"https:\/\/www.zsben.cz\/wordpress\/wp-content\/gallery\/poslanecka-snemovna-8-b-2015\/044.JPG\"\n\t\t\ttitle=\"\"\n\t\t\tdata-src=\"https:\/\/www.zsben.cz\/wordpress\/wp-content\/gallery\/poslanecka-snemovna-8-b-2015\/044.JPG\"\n\t\t\tdata-thumbnail=\"https:\/\/www.zsben.cz\/wordpress\/wp-content\/gallery\/poslanecka-snemovna-8-b-2015\/thumbs\/thumbs_044.JPG\"\n\t\t\tdata-image-id=\"33366\"\n\t\t\tdata-title=\"044.JPG\"\n\t\t\tdata-description=\"\"\n\t\t\t\t\t\t\t\t\t\t\t\t\t\t\t>\n\t\t\t\n\t\t\t<img data-image-id='33366'\n\t\t\t\ttitle=\"\"\n\t\t\t\talt=\"044.JPG\"\n\t\t\t\tsrc=\"https:\/\/www.zsben.cz\/wordpress\/wp-content\/gallery\/poslanecka-snemovna-8-b-2015\/044.JPG\"\n\t\t\t\tstyle=\"max-height: 330px;\"\/>\n\t\t<\/a>\n\n\t\t\n\t\t<a href=\"https:\/\/www.zsben.cz\/wordpress\/wp-content\/gallery\/poslanecka-snemovna-8-b-2015\/046.JPG\"\n\t\t\ttitle=\"\"\n\t\t\tdata-src=\"https:\/\/www.zsben.cz\/wordpress\/wp-content\/gallery\/poslanecka-snemovna-8-b-2015\/046.JPG\"\n\t\t\tdata-thumbnail=\"https:\/\/www.zsben.cz\/wordpress\/wp-content\/gallery\/poslanecka-snemovna-8-b-2015\/thumbs\/thumbs_046.JPG\"\n\t\t\tdata-image-id=\"33367\"\n\t\t\tdata-title=\"046.JPG\"\n\t\t\tdata-description=\"\"\n\t\t\t\t\t\t\t\t\t\t\t\t\t\t\t>\n\t\t\t\n\t\t\t<img data-image-id='33367'\n\t\t\t\ttitle=\"\"\n\t\t\t\talt=\"046.JPG\"\n\t\t\t\tsrc=\"https:\/\/www.zsben.cz\/wordpress\/wp-content\/gallery\/poslanecka-snemovna-8-b-2015\/046.JPG\"\n\t\t\t\tstyle=\"max-height: 330px;\"\/>\n\t\t<\/a>\n\n\t\t\n\t\t<a href=\"https:\/\/www.zsben.cz\/wordpress\/wp-content\/gallery\/poslanecka-snemovna-8-b-2015\/047.JPG\"\n\t\t\ttitle=\"\"\n\t\t\tdata-src=\"https:\/\/www.zsben.cz\/wordpress\/wp-content\/gallery\/poslanecka-snemovna-8-b-2015\/047.JPG\"\n\t\t\tdata-thumbnail=\"https:\/\/www.zsben.cz\/wordpress\/wp-content\/gallery\/poslanecka-snemovna-8-b-2015\/thumbs\/thumbs_047.JPG\"\n\t\t\tdata-image-id=\"33368\"\n\t\t\tdata-title=\"047.JPG\"\n\t\t\tdata-description=\"\"\n\t\t\t\t\t\t\t\t\t\t\t\t\t\t\t>\n\t\t\t\n\t\t\t<img data-image-id='33368'\n\t\t\t\ttitle=\"\"\n\t\t\t\talt=\"047.JPG\"\n\t\t\t\tsrc=\"https:\/\/www.zsben.cz\/wordpress\/wp-content\/gallery\/poslanecka-snemovna-8-b-2015\/047.JPG\"\n\t\t\t\tstyle=\"max-height: 330px;\"\/>\n\t\t<\/a>\n\n\t\t\n\t\t<a href=\"https:\/\/www.zsben.cz\/wordpress\/wp-content\/gallery\/poslanecka-snemovna-8-b-2015\/051.JPG\"\n\t\t\ttitle=\"\"\n\t\t\tdata-src=\"https:\/\/www.zsben.cz\/wordpress\/wp-content\/gallery\/poslanecka-snemovna-8-b-2015\/051.JPG\"\n\t\t\tdata-thumbnail=\"https:\/\/www.zsben.cz\/wordpress\/wp-content\/gallery\/poslanecka-snemovna-8-b-2015\/thumbs\/thumbs_051.JPG\"\n\t\t\tdata-image-id=\"33369\"\n\t\t\tdata-title=\"051.JPG\"\n\t\t\tdata-description=\"\"\n\t\t\t\t\t\t\t\t\t\t\t\t\t\t\t>\n\t\t\t\n\t\t\t<img data-image-id='33369'\n\t\t\t\ttitle=\"\"\n\t\t\t\talt=\"051.JPG\"\n\t\t\t\tsrc=\"https:\/\/www.zsben.cz\/wordpress\/wp-content\/gallery\/poslanecka-snemovna-8-b-2015\/051.JPG\"\n\t\t\t\tstyle=\"max-height: 330px;\"\/>\n\t\t<\/a>\n\n\t\t\n\t\t<a href=\"https:\/\/www.zsben.cz\/wordpress\/wp-content\/gallery\/poslanecka-snemovna-8-b-2015\/053.JPG\"\n\t\t\ttitle=\"\"\n\t\t\tdata-src=\"https:\/\/www.zsben.cz\/wordpress\/wp-content\/gallery\/poslanecka-snemovna-8-b-2015\/053.JPG\"\n\t\t\tdata-thumbnail=\"https:\/\/www.zsben.cz\/wordpress\/wp-content\/gallery\/poslanecka-snemovna-8-b-2015\/thumbs\/thumbs_053.JPG\"\n\t\t\tdata-image-id=\"33371\"\n\t\t\tdata-title=\"053.JPG\"\n\t\t\tdata-description=\"\"\n\t\t\t\t\t\t\t\t\t\t\t\t\t\t\t>\n\t\t\t\n\t\t\t<img data-image-id='33371'\n\t\t\t\ttitle=\"\"\n\t\t\t\talt=\"053.JPG\"\n\t\t\t\tsrc=\"https:\/\/www.zsben.cz\/wordpress\/wp-content\/gallery\/poslanecka-snemovna-8-b-2015\/053.JPG\"\n\t\t\t\tstyle=\"max-height: 330px;\"\/>\n\t\t<\/a>\n\n\t\t\n\t\t<a href=\"https:\/\/www.zsben.cz\/wordpress\/wp-content\/gallery\/poslanecka-snemovna-8-b-2015\/054.JPG\"\n\t\t\ttitle=\"\"\n\t\t\tdata-src=\"https:\/\/www.zsben.cz\/wordpress\/wp-content\/gallery\/poslanecka-snemovna-8-b-2015\/054.JPG\"\n\t\t\tdata-thumbnail=\"https:\/\/www.zsben.cz\/wordpress\/wp-content\/gallery\/poslanecka-snemovna-8-b-2015\/thumbs\/thumbs_054.JPG\"\n\t\t\tdata-image-id=\"33372\"\n\t\t\tdata-title=\"054.JPG\"\n\t\t\tdata-description=\"\"\n\t\t\t\t\t\t\t\t\t\t\t\t\t\t\t>\n\t\t\t\n\t\t\t<img data-image-id='33372'\n\t\t\t\ttitle=\"\"\n\t\t\t\talt=\"054.JPG\"\n\t\t\t\tsrc=\"https:\/\/www.zsben.cz\/wordpress\/wp-content\/gallery\/poslanecka-snemovna-8-b-2015\/054.JPG\"\n\t\t\t\tstyle=\"max-height: 330px;\"\/>\n\t\t<\/a>\n\n\t\t\n\t\t<a href=\"https:\/\/www.zsben.cz\/wordpress\/wp-content\/gallery\/poslanecka-snemovna-8-b-2015\/055.JPG\"\n\t\t\ttitle=\"\"\n\t\t\tdata-src=\"https:\/\/www.zsben.cz\/wordpress\/wp-content\/gallery\/poslanecka-snemovna-8-b-2015\/055.JPG\"\n\t\t\tdata-thumbnail=\"https:\/\/www.zsben.cz\/wordpress\/wp-content\/gallery\/poslanecka-snemovna-8-b-2015\/thumbs\/thumbs_055.JPG\"\n\t\t\tdata-image-id=\"33373\"\n\t\t\tdata-title=\"055.JPG\"\n\t\t\tdata-description=\"\"\n\t\t\t\t\t\t\t\t\t\t\t\t\t\t\t>\n\t\t\t\n\t\t\t<img data-image-id='33373'\n\t\t\t\ttitle=\"\"\n\t\t\t\talt=\"055.JPG\"\n\t\t\t\tsrc=\"https:\/\/www.zsben.cz\/wordpress\/wp-content\/gallery\/poslanecka-snemovna-8-b-2015\/055.JPG\"\n\t\t\t\tstyle=\"max-height: 330px;\"\/>\n\t\t<\/a>\n\n\t\t\n\t\t<a href=\"https:\/\/www.zsben.cz\/wordpress\/wp-content\/gallery\/poslanecka-snemovna-8-b-2015\/057.JPG\"\n\t\t\ttitle=\"\"\n\t\t\tdata-src=\"https:\/\/www.zsben.cz\/wordpress\/wp-content\/gallery\/poslanecka-snemovna-8-b-2015\/057.JPG\"\n\t\t\tdata-thumbnail=\"https:\/\/www.zsben.cz\/wordpress\/wp-content\/gallery\/poslanecka-snemovna-8-b-2015\/thumbs\/thumbs_057.JPG\"\n\t\t\tdata-image-id=\"33374\"\n\t\t\tdata-title=\"057.JPG\"\n\t\t\tdata-description=\"\"\n\t\t\t\t\t\t\t\t\t\t\t\t\t\t\t>\n\t\t\t\n\t\t\t<img data-image-id='33374'\n\t\t\t\ttitle=\"\"\n\t\t\t\talt=\"057.JPG\"\n\t\t\t\tsrc=\"https:\/\/www.zsben.cz\/wordpress\/wp-content\/gallery\/poslanecka-snemovna-8-b-2015\/057.JPG\"\n\t\t\t\tstyle=\"max-height: 330px;\"\/>\n\t\t<\/a>\n\n\t\t<\/div>\n\n\t\t<!-- Thumbnails Link -->\n\t<div class=\"slideshowlink\" style=\"max-width: 480px;\">\n\t\t<a href='https:\/\/www.zsben.cz\/wordpress\/index.php\/nggallery\/thumbnails?p=26961'>[Seznam obr\u00e1zk\u016f]<\/a>\n\t<\/div>\n\n<\/p>\n<p>&nbsp;<\/p>\n<div class=\"fcbkbttn_buttons_block\" id=\"fcbkbttn_left\"><div class=\"fcbkbttn_like \"><div class=\"fb-like fb-like-button_count\" data-href=\"https:\/\/www.zsben.cz\/wordpress\/?p=26961\" data-colorscheme=\"light\" data-layout=\"button_count\" data-action=\"like\"  data-size=\"small\"><\/div><\/div><div class=\"fb-share-button  \" data-href=\"https:\/\/www.zsben.cz\/wordpress\/?p=26961\" data-type=\"button_count\" data-size=\"small\"><\/div><\/div>","protected":false},"excerpt":{"rendered":"<p>Dne 25. kv\u011btna nav\u0161t\u00edvila t\u0159\u00edda 8.B Thunovsk\u00fd pal\u00e1c, kde s\u00eddl\u00ed Poslaneck\u00e1 sn\u011bmovna \u010cR.\u00a0Nejprve jsme se\u00a0byli\u00a0pod\u00edvat u\u00a0pan\u00ed Ing. Jaroslavy Jermanov\u00e9, kter\u00e1 je 1. m\u00edstop\u0159edsedkyn\u00ed sn\u011bmovny. Ta n\u00e1s sezn\u00e1mila, jak to ve sn\u011bmovn\u011b prob\u00edh\u00e1, co je prac\u00ed poslance atd. Uk\u00e1zala n\u00e1m prostory sv\u00e9 kancel\u00e1\u0159e a p\u0159ipravila pro n\u00e1s dokonce poho\u0161t\u011bn\u00ed. Potom n\u00e1sledovala prohl\u00eddka sn\u011bmovny s velice sympatickou [&hellip;]<\/p>\n","protected":false},"author":1,"featured_media":0,"comment_status":"closed","ping_status":"closed","sticky":false,"template":"","format":"standard","meta":{"ngg_post_thumbnail":0,"footnotes":""},"categories":[1],"tags":[],"class_list":["post-26961","post","type-post","status-publish","format-standard","hentry","category-aktuality"],"_links":{"self":[{"href":"https:\/\/www.zsben.cz\/wordpress\/index.php?rest_route=\/wp\/v2\/posts\/26961","targetHints":{"allow":["GET"]}}],"collection":[{"href":"https:\/\/www.zsben.cz\/wordpress\/index.php?rest_route=\/wp\/v2\/posts"}],"about":[{"href":"https:\/\/www.zsben.cz\/wordpress\/index.php?rest_route=\/wp\/v2\/types\/post"}],"author":[{"embeddable":true,"href":"https:\/\/www.zsben.cz\/wordpress\/index.php?rest_route=\/wp\/v2\/users\/1"}],"replies":[{"embeddable":true,"href":"https:\/\/www.zsben.cz\/wordpress\/index.php?rest_route=%2Fwp%2Fv2%2Fcomments&post=26961"}],"version-history":[{"count":4,"href":"https:\/\/www.zsben.cz\/wordpress\/index.php?rest_route=\/wp\/v2\/posts\/26961\/revisions"}],"predecessor-version":[{"id":26966,"href":"https:\/\/www.zsben.cz\/wordpress\/index.php?rest_route=\/wp\/v2\/posts\/26961\/revisions\/26966"}],"wp:attachment":[{"href":"https:\/\/www.zsben.cz\/wordpress\/index.php?rest_route=%2Fwp%2Fv2%2Fmedia&parent=26961"}],"wp:term":[{"taxonomy":"category","embeddable":true,"href":"https:\/\/www.zsben.cz\/wordpress\/index.php?rest_route=%2Fwp%2Fv2%2Fcategories&post=26961"},{"taxonomy":"post_tag","embeddable":true,"href":"https:\/\/www.zsben.cz\/wordpress\/index.php?rest_route=%2Fwp%2Fv2%2Ftags&post=26961"}],"curies":[{"name":"wp","href":"https:\/\/api.w.org\/{rel}","templated":true}]}}