{"id":26655,"date":"2015-05-20T12:21:20","date_gmt":"2015-05-20T10:21:20","guid":{"rendered":"http:\/\/www.zsben.cz\/wordpress\/?p=26655"},"modified":"2015-05-20T12:21:20","modified_gmt":"2015-05-20T10:21:20","slug":"pohar-rozhlasu-krajske-finale","status":"publish","type":"post","link":"https:\/\/www.zsben.cz\/wordpress\/?p=26655","title":{"rendered":"Poh\u00e1r Rozhlasu &#8211; krajsk\u00e9 fin\u00e1le"},"content":{"rendered":"<p>Dne 19.5. 2015 prob\u011bhlo v Kol\u00edn\u011b krajsk\u00e9 fin\u00e1le Poh\u00e1ru Rozhlasu s \u010ceskou spo\u0159itelnou. Na\u0161e \u0161kola se do tohoto fin\u00e1le probojovala v kategorii mlad\u0161\u00edch d\u00edvek. Dru\u017estvo d\u00edvek obsadilo kr\u00e1sn\u00e9 2. m\u00edsto s po\u010dtem bod\u016f 5 130, tajn\u011b bude doufat, \u017ee na n\u011b zbude m\u00edsto i v republikov\u00e9m fin\u00e1le.<\/p>\n<p>Dru\u017estvo m\u011blo toto slo\u017een\u00ed: Pap\u00edrn\u00edkov\u00e1 Denisa, Bart\u016f\u0161kov\u00e1 Lucie, Zemanov\u00e1 Lucie, Dejno\u017ekov\u00e1 Tereza, Fu\u010d\u00edkov\u00e1 Monika, Hetmanov\u00e1 Barbora, Kahounov\u00e1 Karol\u00edna a Dvo\u0159\u00e1kov\u00e1 Lucie<\/p>\n<p>V\u0161em gratulujeme.<\/p>\n<div class=\"fcbkbttn_buttons_block\" id=\"fcbkbttn_left\"><div class=\"fcbkbttn_like \"><div class=\"fb-like fb-like-button_count\" data-href=\"https:\/\/www.zsben.cz\/wordpress\/?p=26655\" data-colorscheme=\"light\" data-layout=\"button_count\" data-action=\"like\"  data-size=\"small\"><\/div><\/div><div class=\"fb-share-button  \" data-href=\"https:\/\/www.zsben.cz\/wordpress\/?p=26655\" data-type=\"button_count\" data-size=\"small\"><\/div><\/div>","protected":false},"excerpt":{"rendered":"<p>Dne 19.5. 2015 prob\u011bhlo v Kol\u00edn\u011b krajsk\u00e9 fin\u00e1le Poh\u00e1ru Rozhlasu s \u010ceskou spo\u0159itelnou. Na\u0161e \u0161kola se do tohoto fin\u00e1le probojovala v kategorii mlad\u0161\u00edch d\u00edvek. Dru\u017estvo d\u00edvek obsadilo kr\u00e1sn\u00e9 2. m\u00edsto s po\u010dtem bod\u016f 5 130, tajn\u011b bude doufat, \u017ee na n\u011b zbude m\u00edsto i v republikov\u00e9m fin\u00e1le. Dru\u017estvo m\u011blo toto slo\u017een\u00ed: Pap\u00edrn\u00edkov\u00e1 Denisa, Bart\u016f\u0161kov\u00e1 Lucie, [&hellip;]<\/p>\n","protected":false},"author":4,"featured_media":0,"comment_status":"closed","ping_status":"closed","sticky":false,"template":"","format":"standard","meta":{"ngg_post_thumbnail":0,"footnotes":""},"categories":[1,10],"tags":[],"class_list":["post-26655","post","type-post","status-publish","format-standard","hentry","category-aktuality","category-telocvik"],"_links":{"self":[{"href":"https:\/\/www.zsben.cz\/wordpress\/index.php?rest_route=\/wp\/v2\/posts\/26655","targetHints":{"allow":["GET"]}}],"collection":[{"href":"https:\/\/www.zsben.cz\/wordpress\/index.php?rest_route=\/wp\/v2\/posts"}],"about":[{"href":"https:\/\/www.zsben.cz\/wordpress\/index.php?rest_route=\/wp\/v2\/types\/post"}],"author":[{"embeddable":true,"href":"https:\/\/www.zsben.cz\/wordpress\/index.php?rest_route=\/wp\/v2\/users\/4"}],"replies":[{"embeddable":true,"href":"https:\/\/www.zsben.cz\/wordpress\/index.php?rest_route=%2Fwp%2Fv2%2Fcomments&post=26655"}],"version-history":[{"count":1,"href":"https:\/\/www.zsben.cz\/wordpress\/index.php?rest_route=\/wp\/v2\/posts\/26655\/revisions"}],"predecessor-version":[{"id":26656,"href":"https:\/\/www.zsben.cz\/wordpress\/index.php?rest_route=\/wp\/v2\/posts\/26655\/revisions\/26656"}],"wp:attachment":[{"href":"https:\/\/www.zsben.cz\/wordpress\/index.php?rest_route=%2Fwp%2Fv2%2Fmedia&parent=26655"}],"wp:term":[{"taxonomy":"category","embeddable":true,"href":"https:\/\/www.zsben.cz\/wordpress\/index.php?rest_route=%2Fwp%2Fv2%2Fcategories&post=26655"},{"taxonomy":"post_tag","embeddable":true,"href":"https:\/\/www.zsben.cz\/wordpress\/index.php?rest_route=%2Fwp%2Fv2%2Ftags&post=26655"}],"curies":[{"name":"wp","href":"https:\/\/api.w.org\/{rel}","templated":true}]}}