{"id":24939,"date":"2015-04-22T13:50:40","date_gmt":"2015-04-22T11:50:40","guid":{"rendered":"http:\/\/www.zsben.cz\/wordpress\/?p=24939"},"modified":"2015-04-22T13:50:40","modified_gmt":"2015-04-22T11:50:40","slug":"navsteva-knihovny","status":"publish","type":"post","link":"https:\/\/www.zsben.cz\/wordpress\/?p=24939","title":{"rendered":"N\u00c1V\u0160T\u011aVA KNIHOVNY"},"content":{"rendered":"<p>Ve st\u0159edu 8. 4. jsme se vydali do m\u011bstsk\u00e9 knihovny v\u00a0Bene\u0161ov\u011b. Proto\u017ee Ve\u010dern\u00ed\u010dek slav\u00ed 50 let, t\u00fdkal se program pr\u00e1v\u011b ve\u010dern\u00ed\u010dkov\u00fdch postav.<\/p>\n<p>Skl\u00e1dali jsme puzzle poh\u00e1dkov\u00fdch postavi\u010dek, h\u00e1dali jejich jm\u00e9na. Do k\u0159\u00ed\u017eovky jsme dopl\u0148ovali jm\u00e9na postav podle poslechu. Dozv\u011bd\u011bli jsme se, \u017ee postavu Ve\u010dern\u00ed\u010dka vytvo\u0159il Radek Pila\u0159. Na z\u00e1v\u011br na\u0161\u00ed n\u00e1v\u0161t\u011bvy jsme si vyrobili kometu, nebo\u0165 prvn\u00ed Ve\u010dern\u00ed\u010dek, kter\u00fd se vys\u00edlal, se jmenoval Kluk a kometa. St\u0159ede\u010dn\u00ed dopoledne str\u00e1ven\u00e9 v\u00a0knihovn\u011b bylo velmi hezk\u00e9.<\/p>\n<p>&nbsp;<\/p>\n<p>\u017d\u00e1ci 3. C<\/p>\n<div class=\"fcbkbttn_buttons_block\" id=\"fcbkbttn_left\"><div class=\"fcbkbttn_like \"><div class=\"fb-like fb-like-button_count\" data-href=\"https:\/\/www.zsben.cz\/wordpress\/?p=24939\" data-colorscheme=\"light\" data-layout=\"button_count\" data-action=\"like\"  data-size=\"small\"><\/div><\/div><div class=\"fb-share-button  \" data-href=\"https:\/\/www.zsben.cz\/wordpress\/?p=24939\" data-type=\"button_count\" data-size=\"small\"><\/div><\/div>","protected":false},"excerpt":{"rendered":"<p>Ve st\u0159edu 8. 4. jsme se vydali do m\u011bstsk\u00e9 knihovny v\u00a0Bene\u0161ov\u011b. Proto\u017ee Ve\u010dern\u00ed\u010dek slav\u00ed 50 let, t\u00fdkal se program pr\u00e1v\u011b ve\u010dern\u00ed\u010dkov\u00fdch postav. Skl\u00e1dali jsme puzzle poh\u00e1dkov\u00fdch postavi\u010dek, h\u00e1dali jejich jm\u00e9na. Do k\u0159\u00ed\u017eovky jsme dopl\u0148ovali jm\u00e9na postav podle poslechu. Dozv\u011bd\u011bli jsme se, \u017ee postavu Ve\u010dern\u00ed\u010dka vytvo\u0159il Radek Pila\u0159. Na z\u00e1v\u011br na\u0161\u00ed n\u00e1v\u0161t\u011bvy jsme si vyrobili kometu, [&hellip;]<\/p>\n","protected":false},"author":27,"featured_media":0,"comment_status":"closed","ping_status":"closed","sticky":false,"template":"","format":"standard","meta":{"ngg_post_thumbnail":0,"footnotes":""},"categories":[1],"tags":[],"class_list":["post-24939","post","type-post","status-publish","format-standard","hentry","category-aktuality"],"_links":{"self":[{"href":"https:\/\/www.zsben.cz\/wordpress\/index.php?rest_route=\/wp\/v2\/posts\/24939","targetHints":{"allow":["GET"]}}],"collection":[{"href":"https:\/\/www.zsben.cz\/wordpress\/index.php?rest_route=\/wp\/v2\/posts"}],"about":[{"href":"https:\/\/www.zsben.cz\/wordpress\/index.php?rest_route=\/wp\/v2\/types\/post"}],"author":[{"embeddable":true,"href":"https:\/\/www.zsben.cz\/wordpress\/index.php?rest_route=\/wp\/v2\/users\/27"}],"replies":[{"embeddable":true,"href":"https:\/\/www.zsben.cz\/wordpress\/index.php?rest_route=%2Fwp%2Fv2%2Fcomments&post=24939"}],"version-history":[{"count":1,"href":"https:\/\/www.zsben.cz\/wordpress\/index.php?rest_route=\/wp\/v2\/posts\/24939\/revisions"}],"predecessor-version":[{"id":24940,"href":"https:\/\/www.zsben.cz\/wordpress\/index.php?rest_route=\/wp\/v2\/posts\/24939\/revisions\/24940"}],"wp:attachment":[{"href":"https:\/\/www.zsben.cz\/wordpress\/index.php?rest_route=%2Fwp%2Fv2%2Fmedia&parent=24939"}],"wp:term":[{"taxonomy":"category","embeddable":true,"href":"https:\/\/www.zsben.cz\/wordpress\/index.php?rest_route=%2Fwp%2Fv2%2Fcategories&post=24939"},{"taxonomy":"post_tag","embeddable":true,"href":"https:\/\/www.zsben.cz\/wordpress\/index.php?rest_route=%2Fwp%2Fv2%2Ftags&post=24939"}],"curies":[{"name":"wp","href":"https:\/\/api.w.org\/{rel}","templated":true}]}}