{"id":2332,"date":"2011-04-05T16:16:14","date_gmt":"2011-04-05T15:16:14","guid":{"rendered":"http:\/\/www.zsben.cz\/wordpress\/?p=2332"},"modified":"2011-04-05T16:18:26","modified_gmt":"2011-04-05T15:18:26","slug":"noc-s-andersenem","status":"publish","type":"post","link":"https:\/\/www.zsben.cz\/wordpress\/?p=2332","title":{"rendered":"Noc s Andersenem"},"content":{"rendered":"<p>P\u00e1tek 1. dubna se ji\u017e od r\u00e1na rozb\u011bhl nana\u0161\u00ed \u0161kole ve znamen\u00ed Noci s\u00a0Andersenem. Cel\u00e9 dopoledne \u017e\u00e1ci prvn\u00edho stupn\u011b plnili r\u016fzn\u00e9 \u00fakoly projektu Den s\u00a0Andersenem, kter\u00fd byl letos sm\u011b\u0159ov\u00e1n ke dv\u011bma v\u00fdznamn\u00fdm \u010desk\u00fdm tv\u016frc\u016fm d\u011btsk\u00fdch kn\u00ed\u017eek \u2013 V\u00e1clavu \u010ctvrtkovi a Karlu Jarom\u00edru Erbenovi.<\/p>\n<p>V\u00a0r\u00e1mci projektu si druh\u00e1ci zahr\u00e1li loutkov\u00e9 divadlo, p\u00e1\u0165\u00e1ci p\u0159ed\u010d\u00edtali poh\u00e1dky sv\u00fdm nejmlad\u0161\u00edm spolu\u017e\u00e1k\u016fm v\u00a0prvn\u00edch t\u0159\u00edd\u00e1ch nebo p\u0159evedli sv\u00e9 divadeln\u00ed um\u011bn\u00ed v\u00a0p\u0159estaven\u00ed Polednice pro kamar\u00e1dy ze \u010dtvrt\u00fdch a t\u0159et\u00edch t\u0159\u00edd. Krom\u011b toho \u017e\u00e1ci vytv\u00e1\u0159eli r\u016fzn\u00e1 v\u00fdtvarn\u00e1 d\u00edlka, ztv\u00e1r\u0148ovali zn\u00e1m\u00e9 poh\u00e1dkov\u00e9 postavi\u010dky z\u00a0kn\u00ed\u017eek V\u00e1clava \u010ctvrtka, sout\u011b\u017eili \u2026<\/p>\n<p>Odpoledne a ve\u010der pak \u0161es\u0165\u00e1ci pro\u017eili ve znamen\u00ed poh\u00e1dek a p\u0159\u00edpravy na noc. V keramick\u00e9 d\u00edln\u011b si vytvo\u0159ili plaketu p\u0159ipom\u00ednaj\u00edc\u00ed Noc s Andersenem, pod\u00edvali se na Andesenovu poh\u00e1dku, v IKC si zopakovali znalosti z oblasti poh\u00e1dek a knihoven, zahr\u00e1li si stoln\u00ed tenis, procvi\u010dili angli\u010dtinu a p\u0159ipravili si skv\u011blou druhou ve\u010de\u0159i v cvi\u010dn\u00e9 kuchyni.<\/p>\n<p>Vyvrcholen\u00edm cel\u00e9ho dne pak bylo ve\u010dern\u00ed setk\u00e1n\u00ed p\u0159i Noci s\u00a0Andersenem v\u010detn\u011b spole\u010dn\u00e9ho nocov\u00e1n\u00ed ve \u0161kole, kter\u00e9ho se z\u00fa\u010dastnilo na 200 d\u011bt\u00ed.\u00a0 Nejv\u011bt\u0161\u00edm z\u00e1\u017eitkem pro v\u0161echny d\u011bti byla ur\u010dit\u011b proch\u00e1zka no\u010dn\u00ed budovou \u0161koly. Nejmen\u0161\u00ed d\u011bti \u0161ly cesti\u010dkou po sv\u00ed\u010dk\u00e1ch a po\u010d\u00edtaly drobe\u010dky, kter\u00e9 Jen\u00ed\u010dek s\u00a0Ma\u0159enkou po sob\u011b zanechali. Star\u0161\u00ed d\u011bti se pak sna\u017eily zapamatovat si co nejv\u00edce Andersenov\u00fdch poh\u00e1dek, kter\u00e9 po cest\u011b potkaly.<\/p>\n<p>Den i Noc s\u00a0Andersenem jsme si prost\u011b u\u017eili!<\/p>\n<p>Na z\u00e1v\u011br bychom r\u00e1di pod\u011bkovali na\u0161im kucha\u0159k\u00e1m ve \u0161koln\u00ed j\u00eddeln\u011b za skv\u011blou ve\u010de\u0159i, kter\u00e1 tak\u00e9 p\u0159isp\u011bla k pohodov\u00e9mu ve\u010deru a bezvadn\u00e9 noci.<\/p>\n<p style=\"text-align: center;\">ngg_shortcode_0_placeholder<\/p>\n<p style=\"text-align: right;\">\u00a0Mgr. Jana Janou\u0161kov\u00e1<\/p>\n<div class=\"fcbkbttn_buttons_block\" id=\"fcbkbttn_left\"><div class=\"fcbkbttn_like \"><div class=\"fb-like fb-like-button_count\" data-href=\"https:\/\/www.zsben.cz\/wordpress\/?p=2332\" data-colorscheme=\"light\" data-layout=\"button_count\" data-action=\"like\"  data-size=\"small\"><\/div><\/div><div class=\"fb-share-button  \" data-href=\"https:\/\/www.zsben.cz\/wordpress\/?p=2332\" data-type=\"button_count\" data-size=\"small\"><\/div><\/div>","protected":false},"excerpt":{"rendered":"<p>P\u00e1tek 1. dubna se ji\u017e od r\u00e1na rozb\u011bhl nana\u0161\u00ed \u0161kole ve znamen\u00ed Noci s\u00a0Andersenem. Cel\u00e9 dopoledne \u017e\u00e1ci prvn\u00edho stupn\u011b plnili r\u016fzn\u00e9 \u00fakoly projektu Den s\u00a0Andersenem, kter\u00fd byl letos sm\u011b\u0159ov\u00e1n ke dv\u011bma v\u00fdznamn\u00fdm \u010desk\u00fdm tv\u016frc\u016fm d\u011btsk\u00fdch kn\u00ed\u017eek \u2013 V\u00e1clavu \u010ctvrtkovi a Karlu Jarom\u00edru Erbenovi. V\u00a0r\u00e1mci projektu si druh\u00e1ci zahr\u00e1li loutkov\u00e9 divadlo, p\u00e1\u0165\u00e1ci p\u0159ed\u010d\u00edtali poh\u00e1dky sv\u00fdm nejmlad\u0161\u00edm [&hellip;]<\/p>\n","protected":false},"author":1,"featured_media":0,"comment_status":"closed","ping_status":"closed","sticky":false,"template":"","format":"standard","meta":{"ngg_post_thumbnail":0,"footnotes":""},"categories":[1],"tags":[],"class_list":["post-2332","post","type-post","status-publish","format-standard","hentry","category-aktuality"],"_links":{"self":[{"href":"https:\/\/www.zsben.cz\/wordpress\/index.php?rest_route=\/wp\/v2\/posts\/2332","targetHints":{"allow":["GET"]}}],"collection":[{"href":"https:\/\/www.zsben.cz\/wordpress\/index.php?rest_route=\/wp\/v2\/posts"}],"about":[{"href":"https:\/\/www.zsben.cz\/wordpress\/index.php?rest_route=\/wp\/v2\/types\/post"}],"author":[{"embeddable":true,"href":"https:\/\/www.zsben.cz\/wordpress\/index.php?rest_route=\/wp\/v2\/users\/1"}],"replies":[{"embeddable":true,"href":"https:\/\/www.zsben.cz\/wordpress\/index.php?rest_route=%2Fwp%2Fv2%2Fcomments&post=2332"}],"version-history":[{"count":3,"href":"https:\/\/www.zsben.cz\/wordpress\/index.php?rest_route=\/wp\/v2\/posts\/2332\/revisions"}],"predecessor-version":[{"id":2334,"href":"https:\/\/www.zsben.cz\/wordpress\/index.php?rest_route=\/wp\/v2\/posts\/2332\/revisions\/2334"}],"wp:attachment":[{"href":"https:\/\/www.zsben.cz\/wordpress\/index.php?rest_route=%2Fwp%2Fv2%2Fmedia&parent=2332"}],"wp:term":[{"taxonomy":"category","embeddable":true,"href":"https:\/\/www.zsben.cz\/wordpress\/index.php?rest_route=%2Fwp%2Fv2%2Fcategories&post=2332"},{"taxonomy":"post_tag","embeddable":true,"href":"https:\/\/www.zsben.cz\/wordpress\/index.php?rest_route=%2Fwp%2Fv2%2Ftags&post=2332"}],"curies":[{"name":"wp","href":"https:\/\/api.w.org\/{rel}","templated":true}]}}