{"id":16945,"date":"2014-11-28T13:09:05","date_gmt":"2014-11-28T12:09:05","guid":{"rendered":"http:\/\/www.zsben.cz\/wordpress\/?p=16945"},"modified":"2014-11-28T13:09:05","modified_gmt":"2014-11-28T12:09:05","slug":"vanocni-vystava","status":"publish","type":"post","link":"https:\/\/www.zsben.cz\/wordpress\/?p=16945","title":{"rendered":"V\u00e1no\u010dn\u00ed v\u00fdstava"},"content":{"rendered":"<p>\n<div class=\"ngg-galleryoverview ngg-slideshow\"\n\tid=\"ngg-slideshow-4c37ece7f685936b9893041b73f17a11-575049140\"\n\tdata-gallery-id=\"4c37ece7f685936b9893041b73f17a11\"\n\tstyle=\"max-width: 466px;\n\t\t\tmax-height: 350px;\n\t\t\tdisplay: none;\">\n\n\t\n\t\t<a href=\"https:\/\/www.zsben.cz\/wordpress\/wp-content\/gallery\/vanocni-vystava\/stromek.jpg\"\n\t\t\ttitle=\"\"\n\t\t\tdata-src=\"https:\/\/www.zsben.cz\/wordpress\/wp-content\/gallery\/vanocni-vystava\/stromek.jpg\"\n\t\t\tdata-thumbnail=\"https:\/\/www.zsben.cz\/wordpress\/wp-content\/gallery\/vanocni-vystava\/thumbs\/thumbs_stromek.jpg\"\n\t\t\tdata-image-id=\"30224\"\n\t\t\tdata-title=\"stromek\"\n\t\t\tdata-description=\"\"\n\t\t\t\t\t\t\t\t\t\t\t\t\t\t\t>\n\t\t\t\n\t\t\t<img data-image-id='30224'\n\t\t\t\ttitle=\"\"\n\t\t\t\talt=\"stromek\"\n\t\t\t\tsrc=\"https:\/\/www.zsben.cz\/wordpress\/wp-content\/gallery\/vanocni-vystava\/stromek.jpg\"\n\t\t\t\tstyle=\"max-height: 330px;\"\/>\n\t\t<\/a>\n\n\t\t<\/div>\n\n\t\t<!-- Thumbnails Link -->\n\t<div class=\"slideshowlink\" style=\"max-width: 466px;\">\n\t\t<a href='https:\/\/www.zsben.cz\/wordpress\/index.php\/nggallery\/thumbnails?p=16945'>[Seznam obr\u00e1zk\u016f]<\/a>\n\t<\/div>\n\nV\u00e1no\u010dn\u00ed v\u00fdstava v radni\u010dn\u00edm skl\u00edpku<\/p>\n<p>&nbsp;<\/p>\n<p>Stejn\u011b jako v\u00a0minul\u00e9m roce na\u0161i \u0161kolu oslovila pan\u00ed Bc. Petra Ors\u00e1kov\u00e1 z\u00a0M\u00da Bene\u0161ov, abychom si s\u00a0d\u011btmi ozdobili v\u00a0r\u00e1mci \u201eV\u00e1no\u010dn\u00ed v\u00fdstavy\u201c sv\u016fj v\u00e1no\u010dn\u00ed strome\u010dek v\u00a0radni\u010dn\u00edm skl\u00edpku.<\/p>\n<p>Pan\u00ed vychovatelky \u0160D p\u0159i Z\u00e1kladn\u00ed \u0161kole Bene\u0161ov, Dukelsk\u00e1 1818 Mgr. Vendula Ju\u0159\u00ed\u010dkov\u00e1 a Miroslava Nov\u00e1kov\u00e1 vyrobily s\u00a0d\u011btmi ozdobi\u010dky, vybraly si \u0161ikovn\u00e9 asistenty z\u00a0\u0159ad \u017e\u00e1k\u016f t\u0159\u00edd 1.A , 1.B a 25. 11. 2014 ozdobili za na\u0161\u00ed \u0161kolu v\u00e1no\u010dn\u00ed strome\u010dek.<\/p>\n<p>Nav\u0161t\u00edvili jsme v\u00fdstavu v\u00a0p\u0159\u00edpravn\u00e9 f\u00e1zi, ale u\u017e i tak na n\u00e1s d\u00fdchlo kouzlo V\u00e1noc. Ve skl\u00edpku panovala dobr\u00e1 n\u00e1lada, aran\u017e\u00e9\u0159i v\u00fdstavy se k\u00a0n\u00e1m chovali v\u0159ele a na rozlou\u010denou odm\u011bnili d\u011bti sladkostmi. T\u011b\u0161\u00edme se na dal\u0161\u00ed spolupr\u00e1ci a d\u011bkujeme za pozv\u00e1n\u00ed.<\/p>\n<p>&nbsp;<\/p>\n<p>Text a foto: Mgr. Vendula Ju\u0159\u00ed\u010dkov\u00e1, vedouc\u00ed \u0160D<\/p>\n<div class=\"fcbkbttn_buttons_block\" id=\"fcbkbttn_left\"><div class=\"fcbkbttn_like \"><div class=\"fb-like fb-like-button_count\" data-href=\"https:\/\/www.zsben.cz\/wordpress\/?p=16945\" data-colorscheme=\"light\" data-layout=\"button_count\" data-action=\"like\"  data-size=\"small\"><\/div><\/div><div class=\"fb-share-button  \" data-href=\"https:\/\/www.zsben.cz\/wordpress\/?p=16945\" data-type=\"button_count\" data-size=\"small\"><\/div><\/div>","protected":false},"excerpt":{"rendered":"<p>[Seznam obr\u00e1zk\u016f] V\u00e1no\u010dn\u00ed v\u00fdstava v radni\u010dn\u00edm skl\u00edpku &nbsp; Stejn\u011b jako v\u00a0minul\u00e9m roce na\u0161i \u0161kolu oslovila pan\u00ed Bc. Petra Ors\u00e1kov\u00e1 z\u00a0M\u00da Bene\u0161ov, abychom si s\u00a0d\u011btmi ozdobili v\u00a0r\u00e1mci \u201eV\u00e1no\u010dn\u00ed v\u00fdstavy\u201c sv\u016fj v\u00e1no\u010dn\u00ed strome\u010dek v\u00a0radni\u010dn\u00edm skl\u00edpku. Pan\u00ed vychovatelky \u0160D p\u0159i Z\u00e1kladn\u00ed \u0161kole Bene\u0161ov, Dukelsk\u00e1 1818 Mgr. Vendula Ju\u0159\u00ed\u010dkov\u00e1 a Miroslava Nov\u00e1kov\u00e1 vyrobily s\u00a0d\u011btmi ozdobi\u010dky, vybraly si \u0161ikovn\u00e9 asistenty [&hellip;]<\/p>\n","protected":false},"author":27,"featured_media":0,"comment_status":"closed","ping_status":"closed","sticky":false,"template":"","format":"standard","meta":{"ngg_post_thumbnail":0,"footnotes":""},"categories":[1],"tags":[],"class_list":["post-16945","post","type-post","status-publish","format-standard","hentry","category-aktuality"],"_links":{"self":[{"href":"https:\/\/www.zsben.cz\/wordpress\/index.php?rest_route=\/wp\/v2\/posts\/16945","targetHints":{"allow":["GET"]}}],"collection":[{"href":"https:\/\/www.zsben.cz\/wordpress\/index.php?rest_route=\/wp\/v2\/posts"}],"about":[{"href":"https:\/\/www.zsben.cz\/wordpress\/index.php?rest_route=\/wp\/v2\/types\/post"}],"author":[{"embeddable":true,"href":"https:\/\/www.zsben.cz\/wordpress\/index.php?rest_route=\/wp\/v2\/users\/27"}],"replies":[{"embeddable":true,"href":"https:\/\/www.zsben.cz\/wordpress\/index.php?rest_route=%2Fwp%2Fv2%2Fcomments&post=16945"}],"version-history":[{"count":1,"href":"https:\/\/www.zsben.cz\/wordpress\/index.php?rest_route=\/wp\/v2\/posts\/16945\/revisions"}],"predecessor-version":[{"id":16947,"href":"https:\/\/www.zsben.cz\/wordpress\/index.php?rest_route=\/wp\/v2\/posts\/16945\/revisions\/16947"}],"wp:attachment":[{"href":"https:\/\/www.zsben.cz\/wordpress\/index.php?rest_route=%2Fwp%2Fv2%2Fmedia&parent=16945"}],"wp:term":[{"taxonomy":"category","embeddable":true,"href":"https:\/\/www.zsben.cz\/wordpress\/index.php?rest_route=%2Fwp%2Fv2%2Fcategories&post=16945"},{"taxonomy":"post_tag","embeddable":true,"href":"https:\/\/www.zsben.cz\/wordpress\/index.php?rest_route=%2Fwp%2Fv2%2Ftags&post=16945"}],"curies":[{"name":"wp","href":"https:\/\/api.w.org\/{rel}","templated":true}]}}