{"id":137410,"date":"2026-04-27T01:40:44","date_gmt":"2026-04-26T23:40:44","guid":{"rendered":"https:\/\/www.zsben.cz\/wordpress\/?p=137410"},"modified":"2026-04-27T01:40:44","modified_gmt":"2026-04-26T23:40:44","slug":"den-zeme-ve-skolni-druzine-2","status":"publish","type":"post","link":"https:\/\/www.zsben.cz\/wordpress\/?p=137410","title":{"rendered":"Den Zem\u011b ve \u0161koln\u00ed dru\u017ein\u011b"},"content":{"rendered":"<p>Den Zem\u011b, kter\u00fd si ka\u017edoro\u010dn\u011b p\u0159ipom\u00edn\u00e1me 22. dubna, je v\u011bnov\u00e1n ochran\u011b na\u0161\u00ed planety a vede k zamy\u0161len\u00ed nad t\u00edm, jak sv\u00fdm chov\u00e1n\u00edm ovliv\u0148ujeme \u017eivotn\u00ed prost\u0159ed\u00ed kolem n\u00e1s. Tak\u00e9 v na\u0161\u00ed \u0161koln\u00ed dru\u017ein\u011b jsme se tomuto t\u00e9matu v\u011bnovali a v jednotliv\u00fdch odd\u011blen\u00edch prob\u00edhaly r\u016fzn\u00e9 aktivity zam\u011b\u0159en\u00e9 na ekologii a p\u00e9\u010di o p\u0159\u00edrodu.<\/p>\n<p>D\u011bti se nap\u0159\u00edklad seznamovaly s v\u00fdznamem recyklace, t\u0159\u00edd\u011bn\u00ed odpadu \u010di kompostov\u00e1n\u00ed a spole\u010dn\u011b hledaly odpov\u011bdi na ot\u00e1zky, pro\u010d je d\u016fle\u017eit\u00e9 na\u0161i Zemi chr\u00e1nit. Nechyb\u011bly ani z\u00e1bavn\u00e9 formy u\u010den\u00ed \u2013 k\u0159\u00ed\u017eovky, kv\u00edzy nebo praktick\u00e9 t\u0159\u00edd\u011bn\u00ed odpadu, p\u0159i kter\u00e9m si d\u011bti vyzkou\u0161ely spr\u00e1vn\u00e9 rozd\u011blov\u00e1n\u00ed jednotliv\u00fdch materi\u00e1l\u016f do kontejner\u016f.<\/p>\n<p>Velmi obl\u00edben\u00e9 byly tak\u00e9 tvo\u0159iv\u00e9 \u010dinnosti. D\u011bti vytv\u00e1\u0159ely r\u016fznorod\u00e1 d\u00edla s ekologickou tematikou. V n\u011bkter\u00fdch odd\u011blen\u00edch vznikaly kooperativn\u00ed v\u00fdtvarn\u00e9 projekty, u nich\u017e se jednotliv\u00e9 \u010d\u00e1sti spojily v jeden v\u011bt\u0161\u00ed celek inspirovan\u00fd p\u0159\u00edrodou a rozmanitost\u00ed na\u0161\u00ed planety.<\/p>\n<p>Spole\u010dn\u00fdm c\u00edlem v\u0161ech aktivit bylo v\u00e9st d\u011bti k odpov\u011bdn\u00e9mu p\u0159\u00edstupu k p\u0159\u00edrod\u011b a k uv\u011bdom\u011bn\u00ed si, \u017ee i mal\u00e9 kroky mohou p\u0159isp\u011bt k jej\u00ed ochran\u011b. Den Zem\u011b n\u00e1m tak op\u011bt p\u0159ipomn\u011bl, \u017ee na\u0161e planeta si zaslou\u017e\u00ed na\u0161i p\u00e9\u010di nejen jeden den v roce, ale po cel\u00fd rok.<\/p>\n<p>Za \u0161koln\u00ed dru\u017einu: Hana Dvo\u0159\u00e1kov\u00e1<br \/>\nFoto: vychovatel\u00e9 jednotliv\u00fdch odd\u011blen\u00ed<\/p>\n<p>Kooperativn\u00ed v\u00fdtvarn\u00e9 \u010dinnosti: ngg_shortcode_0_placeholder<br \/>\n1. odd\u011blen\u00ed ngg_shortcode_1_placeholder<br \/>\n2. odd\u011blen\u00ed ngg_shortcode_2_placeholder<br \/>\n3. odd\u011blen\u00ed ngg_shortcode_3_placeholder<br \/>\n5. odd\u011blen\u00ed ngg_shortcode_4_placeholder<br \/>\n6. odd\u011blen\u00ed ngg_shortcode_5_placeholder<br \/>\n8. odd\u011blen\u00ed ngg_shortcode_6_placeholder<br \/>\n9. odd\u011blen\u00ed ngg_shortcode_7_placeholder<br \/>\n10. odd\u011blen\u00ed ngg_shortcode_8_placeholder<\/p>\n<div class=\"fcbkbttn_buttons_block\" id=\"fcbkbttn_left\"><div class=\"fcbkbttn_like \"><div class=\"fb-like fb-like-button_count\" data-href=\"https:\/\/www.zsben.cz\/wordpress\/?p=137410\" data-colorscheme=\"light\" data-layout=\"button_count\" data-action=\"like\"  data-size=\"small\"><\/div><\/div><div class=\"fb-share-button  \" data-href=\"https:\/\/www.zsben.cz\/wordpress\/?p=137410\" data-type=\"button_count\" data-size=\"small\"><\/div><\/div>","protected":false},"excerpt":{"rendered":"<p>Den Zem\u011b, kter\u00fd si ka\u017edoro\u010dn\u011b p\u0159ipom\u00edn\u00e1me 22. dubna, je v\u011bnov\u00e1n ochran\u011b na\u0161\u00ed planety a vede k zamy\u0161len\u00ed nad t\u00edm, jak sv\u00fdm chov\u00e1n\u00edm ovliv\u0148ujeme \u017eivotn\u00ed prost\u0159ed\u00ed kolem n\u00e1s. Tak\u00e9 v na\u0161\u00ed \u0161koln\u00ed dru\u017ein\u011b jsme se tomuto t\u00e9matu v\u011bnovali a v jednotliv\u00fdch odd\u011blen\u00edch prob\u00edhaly r\u016fzn\u00e9 aktivity zam\u011b\u0159en\u00e9 na ekologii a p\u00e9\u010di o p\u0159\u00edrodu. D\u011bti se nap\u0159\u00edklad seznamovaly [&hellip;]<\/p>\n","protected":false},"author":36,"featured_media":0,"comment_status":"closed","ping_status":"closed","sticky":false,"template":"","format":"standard","meta":{"ngg_post_thumbnail":0,"footnotes":""},"categories":[1,14],"tags":[],"class_list":["post-137410","post","type-post","status-publish","format-standard","hentry","category-aktuality","category-skolni-druzina"],"_links":{"self":[{"href":"https:\/\/www.zsben.cz\/wordpress\/index.php?rest_route=\/wp\/v2\/posts\/137410","targetHints":{"allow":["GET"]}}],"collection":[{"href":"https:\/\/www.zsben.cz\/wordpress\/index.php?rest_route=\/wp\/v2\/posts"}],"about":[{"href":"https:\/\/www.zsben.cz\/wordpress\/index.php?rest_route=\/wp\/v2\/types\/post"}],"author":[{"embeddable":true,"href":"https:\/\/www.zsben.cz\/wordpress\/index.php?rest_route=\/wp\/v2\/users\/36"}],"replies":[{"embeddable":true,"href":"https:\/\/www.zsben.cz\/wordpress\/index.php?rest_route=%2Fwp%2Fv2%2Fcomments&post=137410"}],"version-history":[{"count":2,"href":"https:\/\/www.zsben.cz\/wordpress\/index.php?rest_route=\/wp\/v2\/posts\/137410\/revisions"}],"predecessor-version":[{"id":137412,"href":"https:\/\/www.zsben.cz\/wordpress\/index.php?rest_route=\/wp\/v2\/posts\/137410\/revisions\/137412"}],"wp:attachment":[{"href":"https:\/\/www.zsben.cz\/wordpress\/index.php?rest_route=%2Fwp%2Fv2%2Fmedia&parent=137410"}],"wp:term":[{"taxonomy":"category","embeddable":true,"href":"https:\/\/www.zsben.cz\/wordpress\/index.php?rest_route=%2Fwp%2Fv2%2Fcategories&post=137410"},{"taxonomy":"post_tag","embeddable":true,"href":"https:\/\/www.zsben.cz\/wordpress\/index.php?rest_route=%2Fwp%2Fv2%2Ftags&post=137410"}],"curies":[{"name":"wp","href":"https:\/\/api.w.org\/{rel}","templated":true}]}}