{"id":136,"date":"2008-06-13T09:11:48","date_gmt":"2008-06-13T08:11:48","guid":{"rendered":"http:\/\/www.zsben.cz\/wordpress\/?p=136"},"modified":"2008-06-13T09:11:48","modified_gmt":"2008-06-13T08:11:48","slug":"pohar-rozhlasu","status":"publish","type":"post","link":"https:\/\/www.zsben.cz\/wordpress\/?p=136","title":{"rendered":"Poh\u00e1r rozhlasu"},"content":{"rendered":"<h4 style=\"margin: 0cm 0cm 0pt\" class=\"MsoNormal\">Mlad\u0161\u00ed \u017e\u00e1ci Z\u00e1kladn\u00ed \u0161koly Bene\u0161ov, Dukelsk\u00e1 byli velice \u00fasp\u011b\u0161n\u00ed v\u00a0krajsk\u00e9m kole Poh\u00e1ru rozhlasu v\u00a0atletice. Dru\u017estvo ve slo\u017een\u00ed Petr Vachtl, Anton\u00edn Vobeck\u00fd, Marcel Cik\u00e1nek, Marek Kub\u00edn, Dominik \u0160ejstal, Petr Pelich, Luk\u00e1\u0161 Kroupa, Martin Jan\u00e1\u010d, Jakub Kr\u010dma skon\u010dilo na 1. m\u00edst\u011b a postupuje do republikov\u00e9ho fin\u00e1le.<\/h4>\n<p style=\"text-align: center\"><img loading=\"lazy\" decoding=\"async\" border=\"0\" width=\"600\" src=\"http:\/\/www.zsben.cz\/akce\/2007-2008\/atletika1.jpg\" height=\"450\" \/><\/p>\n<p style=\"text-align: center\"><a href=\"http:\/\/www.zsben.cz\/wordpress\/wp-content\/uploads\/2008\/06\/atletika.jpg\" title=\"Diplom\"><img decoding=\"async\" src=\"http:\/\/www.zsben.cz\/wordpress\/wp-content\/uploads\/2008\/06\/atletika.thumbnail.jpg\" alt=\"Diplom\" \/><\/a><\/p>\n<p style=\"margin: 0cm 0cm 0pt\" class=\"MsoNormal\"><img loading=\"lazy\" decoding=\"async\" border=\"0\" width=\"1\" src=\"http:\/\/www.zsben.cz\/akce\/2007-2008\/atletika.jpg\" height=\"1\" \/><\/p>\n<div class=\"fcbkbttn_buttons_block\" id=\"fcbkbttn_left\"><div class=\"fcbkbttn_like \"><div class=\"fb-like fb-like-button_count\" data-href=\"https:\/\/www.zsben.cz\/wordpress\/?p=136\" data-colorscheme=\"light\" data-layout=\"button_count\" data-action=\"like\"  data-size=\"small\"><\/div><\/div><div class=\"fb-share-button  \" data-href=\"https:\/\/www.zsben.cz\/wordpress\/?p=136\" data-type=\"button_count\" data-size=\"small\"><\/div><\/div>","protected":false},"excerpt":{"rendered":"<p>Mlad\u0161\u00ed \u017e\u00e1ci Z\u00e1kladn\u00ed \u0161koly Bene\u0161ov, Dukelsk\u00e1 byli velice \u00fasp\u011b\u0161n\u00ed v\u00a0krajsk\u00e9m kole Poh\u00e1ru rozhlasu v\u00a0atletice. Dru\u017estvo ve slo\u017een\u00ed Petr Vachtl, Anton\u00edn Vobeck\u00fd, Marcel Cik\u00e1nek, Marek Kub\u00edn, Dominik \u0160ejstal, Petr Pelich, Luk\u00e1\u0161 Kroupa, Martin Jan\u00e1\u010d, Jakub Kr\u010dma skon\u010dilo na 1. m\u00edst\u011b a postupuje do republikov\u00e9ho fin\u00e1le.<\/p>\n","protected":false},"author":1,"featured_media":0,"comment_status":"closed","ping_status":"closed","sticky":false,"template":"","format":"standard","meta":{"ngg_post_thumbnail":0,"footnotes":""},"categories":[1],"tags":[],"class_list":["post-136","post","type-post","status-publish","format-standard","hentry","category-aktuality"],"_links":{"self":[{"href":"https:\/\/www.zsben.cz\/wordpress\/index.php?rest_route=\/wp\/v2\/posts\/136","targetHints":{"allow":["GET"]}}],"collection":[{"href":"https:\/\/www.zsben.cz\/wordpress\/index.php?rest_route=\/wp\/v2\/posts"}],"about":[{"href":"https:\/\/www.zsben.cz\/wordpress\/index.php?rest_route=\/wp\/v2\/types\/post"}],"author":[{"embeddable":true,"href":"https:\/\/www.zsben.cz\/wordpress\/index.php?rest_route=\/wp\/v2\/users\/1"}],"replies":[{"embeddable":true,"href":"https:\/\/www.zsben.cz\/wordpress\/index.php?rest_route=%2Fwp%2Fv2%2Fcomments&post=136"}],"version-history":[{"count":0,"href":"https:\/\/www.zsben.cz\/wordpress\/index.php?rest_route=\/wp\/v2\/posts\/136\/revisions"}],"wp:attachment":[{"href":"https:\/\/www.zsben.cz\/wordpress\/index.php?rest_route=%2Fwp%2Fv2%2Fmedia&parent=136"}],"wp:term":[{"taxonomy":"category","embeddable":true,"href":"https:\/\/www.zsben.cz\/wordpress\/index.php?rest_route=%2Fwp%2Fv2%2Fcategories&post=136"},{"taxonomy":"post_tag","embeddable":true,"href":"https:\/\/www.zsben.cz\/wordpress\/index.php?rest_route=%2Fwp%2Fv2%2Ftags&post=136"}],"curies":[{"name":"wp","href":"https:\/\/api.w.org\/{rel}","templated":true}]}}