{"id":134834,"date":"2026-02-20T17:28:29","date_gmt":"2026-02-20T16:28:29","guid":{"rendered":"https:\/\/www.zsben.cz\/wordpress\/?p=134834"},"modified":"2026-02-20T17:28:29","modified_gmt":"2026-02-20T16:28:29","slug":"v-okresnim-kole-olympiady-z-nemeckeho-jazyka-nase-zakyne-uspely-i-mezi-gymnazisty","status":"publish","type":"post","link":"https:\/\/www.zsben.cz\/wordpress\/?p=134834","title":{"rendered":"V okresn\u00edm kole olympi\u00e1dy z n\u011bmeck\u00e9ho jazyka na\u0161e \u017e\u00e1kyn\u011b usp\u011bly i mezi gymnazisty"},"content":{"rendered":"<div dir=\"auto\">V Neveklov\u011b se ve st\u0159edu 18. \u00fanora 2026 uskute\u010dnil ji\u017e 56. ro\u010dn\u00edk okresn\u00edho kola Olympi\u00e1dy v n\u011bmeck\u00e9m jazyce. Sout\u011b\u017ee se z\u00fa\u010dastnilo celkem 18 \u017e\u00e1k\u016f z r\u016fzn\u00fdch z\u00e1kladn\u00edch \u0161kol regionu. Od leto\u0161n\u00edho ro\u010dn\u00edku do druh\u00e9 kategorie spadaj\u00ed tak\u00e9 v\u00edcelet\u00e1 gymn\u00e1zia, co\u017e p\u0159ineslo \u0161ir\u0161\u00ed konkurenci.<\/div>\n<div dir=\"auto\">&nbsp;<\/div>\n<div dir=\"auto\">Na\u0161i \u0161kolu reprezentovaly Laura Zemanov\u00e1 z 9. A a Elena Valentov\u00e1 z 9. E. Laura Zemanov\u00e1 vybojovala velmi p\u011bkn\u00e9 4. m\u00edsto. Elena Valentov\u00e1 se um\u00edstila na d\u011blen\u00e9m 13.\u201314. m\u00edst\u011b.<\/div>\n<div dir=\"auto\">&nbsp;<\/div>\n<div dir=\"auto\">Ob\u011bma sout\u011b\u017e\u00edc\u00edm d\u011bkujeme za vzornou reprezentaci \u0161koly a gratulujeme k dosa\u017een\u00fdm v\u00fdsledk\u016fm.<\/div>\n<div dir=\"auto\">&nbsp;<\/div>\n<div dir=\"auto\"><em>Mgr. K. Fajfr<\/em><\/div>\n<div dir=\"auto\">&nbsp;<\/div>\n<div dir=\"auto\"><img loading=\"lazy\" decoding=\"async\" class=\"alignnone size-full wp-image-134835\" src=\"https:\/\/www.zsben.cz\/wordpress\/wp-content\/uploads\/2026\/02\/1000042119-scaled.jpg\" alt=\"\" width=\"2560\" height=\"1656\" srcset=\"https:\/\/www.zsben.cz\/wordpress\/wp-content\/uploads\/2026\/02\/1000042119-scaled.jpg 2560w, https:\/\/www.zsben.cz\/wordpress\/wp-content\/uploads\/2026\/02\/1000042119-500x323.jpg 500w, https:\/\/www.zsben.cz\/wordpress\/wp-content\/uploads\/2026\/02\/1000042119-1024x662.jpg 1024w, https:\/\/www.zsben.cz\/wordpress\/wp-content\/uploads\/2026\/02\/1000042119-150x97.jpg 150w, https:\/\/www.zsben.cz\/wordpress\/wp-content\/uploads\/2026\/02\/1000042119-768x497.jpg 768w, https:\/\/www.zsben.cz\/wordpress\/wp-content\/uploads\/2026\/02\/1000042119-1536x994.jpg 1536w, https:\/\/www.zsben.cz\/wordpress\/wp-content\/uploads\/2026\/02\/1000042119-2048x1325.jpg 2048w\" sizes=\"auto, (max-width: 2560px) 100vw, 2560px\" \/> <img loading=\"lazy\" decoding=\"async\" class=\"alignnone size-full wp-image-134836\" src=\"https:\/\/www.zsben.cz\/wordpress\/wp-content\/uploads\/2026\/02\/1000042120-scaled.jpg\" alt=\"\" width=\"1462\" height=\"2560\" srcset=\"https:\/\/www.zsben.cz\/wordpress\/wp-content\/uploads\/2026\/02\/1000042120-scaled.jpg 1462w, https:\/\/www.zsben.cz\/wordpress\/wp-content\/uploads\/2026\/02\/1000042120-286x500.jpg 286w, https:\/\/www.zsben.cz\/wordpress\/wp-content\/uploads\/2026\/02\/1000042120-585x1024.jpg 585w, https:\/\/www.zsben.cz\/wordpress\/wp-content\/uploads\/2026\/02\/1000042120-86x150.jpg 86w, https:\/\/www.zsben.cz\/wordpress\/wp-content\/uploads\/2026\/02\/1000042120-768x1345.jpg 768w, https:\/\/www.zsben.cz\/wordpress\/wp-content\/uploads\/2026\/02\/1000042120-877x1536.jpg 877w, https:\/\/www.zsben.cz\/wordpress\/wp-content\/uploads\/2026\/02\/1000042120-1170x2048.jpg 1170w\" sizes=\"auto, (max-width: 1462px) 100vw, 1462px\" \/><\/div>\n<div class=\"fcbkbttn_buttons_block\" id=\"fcbkbttn_left\"><div class=\"fcbkbttn_like \"><div class=\"fb-like fb-like-button_count\" data-href=\"https:\/\/www.zsben.cz\/wordpress\/?p=134834\" data-colorscheme=\"light\" data-layout=\"button_count\" data-action=\"like\"  data-size=\"small\"><\/div><\/div><div class=\"fb-share-button  \" data-href=\"https:\/\/www.zsben.cz\/wordpress\/?p=134834\" data-type=\"button_count\" data-size=\"small\"><\/div><\/div>","protected":false},"excerpt":{"rendered":"<p>V Neveklov\u011b se ve st\u0159edu 18. \u00fanora 2026 uskute\u010dnil ji\u017e 56. ro\u010dn\u00edk okresn\u00edho kola Olympi\u00e1dy v n\u011bmeck\u00e9m jazyce. Sout\u011b\u017ee se z\u00fa\u010dastnilo celkem 18 \u017e\u00e1k\u016f z r\u016fzn\u00fdch z\u00e1kladn\u00edch \u0161kol regionu. Od leto\u0161n\u00edho ro\u010dn\u00edku do druh\u00e9 kategorie spadaj\u00ed tak\u00e9 v\u00edcelet\u00e1 gymn\u00e1zia, co\u017e p\u0159ineslo \u0161ir\u0161\u00ed konkurenci. &nbsp; Na\u0161i \u0161kolu reprezentovaly Laura Zemanov\u00e1 z 9. A a Elena Valentov\u00e1 [&hellip;]<\/p>\n","protected":false},"author":42,"featured_media":0,"comment_status":"closed","ping_status":"closed","sticky":false,"template":"","format":"standard","meta":{"ngg_post_thumbnail":0,"footnotes":""},"categories":[1],"tags":[],"class_list":["post-134834","post","type-post","status-publish","format-standard","hentry","category-aktuality"],"_links":{"self":[{"href":"https:\/\/www.zsben.cz\/wordpress\/index.php?rest_route=\/wp\/v2\/posts\/134834","targetHints":{"allow":["GET"]}}],"collection":[{"href":"https:\/\/www.zsben.cz\/wordpress\/index.php?rest_route=\/wp\/v2\/posts"}],"about":[{"href":"https:\/\/www.zsben.cz\/wordpress\/index.php?rest_route=\/wp\/v2\/types\/post"}],"author":[{"embeddable":true,"href":"https:\/\/www.zsben.cz\/wordpress\/index.php?rest_route=\/wp\/v2\/users\/42"}],"replies":[{"embeddable":true,"href":"https:\/\/www.zsben.cz\/wordpress\/index.php?rest_route=%2Fwp%2Fv2%2Fcomments&post=134834"}],"version-history":[{"count":1,"href":"https:\/\/www.zsben.cz\/wordpress\/index.php?rest_route=\/wp\/v2\/posts\/134834\/revisions"}],"predecessor-version":[{"id":134837,"href":"https:\/\/www.zsben.cz\/wordpress\/index.php?rest_route=\/wp\/v2\/posts\/134834\/revisions\/134837"}],"wp:attachment":[{"href":"https:\/\/www.zsben.cz\/wordpress\/index.php?rest_route=%2Fwp%2Fv2%2Fmedia&parent=134834"}],"wp:term":[{"taxonomy":"category","embeddable":true,"href":"https:\/\/www.zsben.cz\/wordpress\/index.php?rest_route=%2Fwp%2Fv2%2Fcategories&post=134834"},{"taxonomy":"post_tag","embeddable":true,"href":"https:\/\/www.zsben.cz\/wordpress\/index.php?rest_route=%2Fwp%2Fv2%2Ftags&post=134834"}],"curies":[{"name":"wp","href":"https:\/\/api.w.org\/{rel}","templated":true}]}}