{"id":134820,"date":"2026-02-19T20:04:12","date_gmt":"2026-02-19T19:04:12","guid":{"rendered":"https:\/\/www.zsben.cz\/wordpress\/?p=134820"},"modified":"2026-02-19T20:04:12","modified_gmt":"2026-02-19T19:04:12","slug":"uspech-mladych-geografu-ve-vlasimi","status":"publish","type":"post","link":"https:\/\/www.zsben.cz\/wordpress\/?p=134820","title":{"rendered":"\u00dasp\u011bch mlad\u00fdch geograf\u016f ve Vla\u0161imi"},"content":{"rendered":"<p>Ve st\u0159edu 18. 2. se na Gymn\u00e1ziu ve Vla\u0161imi uskute\u010dnilo okresn\u00ed kolo Geografick\u00e9 olympi\u00e1dy. Na\u0161i reprezentanti v siln\u00e9 konkurenci skv\u011ble obst\u00e1li.<\/p>\n<p>V\u00fdsledky:<br \/>\n<strong>Kategorie A: Tom\u00e1\u0161 Posp\u00ed\u0161il<\/strong> (6. C) vybojoval skv\u011bl\u00e9 <strong>2. m\u00edsto<\/strong> a <strong>Maty\u00e1\u0161 Vandas<\/strong> (6. A) <strong>6. m\u00edsto<\/strong> z 15 sout\u011b\u017e\u00edc\u00edch.<br \/>\n<strong>Kategorie B: Michal Kosteck\u00fd<\/strong> (7. A) a <strong>Filip Vlkannova<\/strong> (7. D) obsadili <strong>d\u011blen\u00e9 8. a 9. m\u00edsto <\/strong>v konkurenci 15 \u00fa\u010dastn\u00edk\u016f. Shoda okolnost\u00ed jim p\u0159ihr\u00e1la bodovou rovnost.<br \/>\n<strong>Kategorie C<\/strong>:<strong> Kry\u0161tof Hrobsk\u00fd<\/strong> z\u00edskal <strong>6. m\u00edsto<\/strong>, <strong>Michal M\u00e1dl 12. m\u00edsto<\/strong> a <strong>Vojta Slune\u010dko 19. m\u00edsto<\/strong> ze 32 z\u00fa\u010dastn\u011bn\u00fdch. V\u0161ichni jmenovan\u00ed jsou \u017e\u00e1ky 9.A.<\/p>\n<p>Chlapc\u016fm pat\u0159\u00ed velk\u00e1 pochvala za jejich odvahu zm\u011b\u0159it s\u00edly s ostatn\u00edmi. Gratulujeme k dosa\u017een\u00fdm v\u00fdsledk\u016fm a Tom\u00e1\u0161i Posp\u00ed\u0161ilovi budeme dr\u017eet palce do krajsk\u00e9ho kola, kter\u00e9 se uskute\u010dn\u00ed V Praze koncem b\u0159ezna.<\/p>\n<div class=\"fcbkbttn_buttons_block\" id=\"fcbkbttn_left\"><div class=\"fcbkbttn_like \"><div class=\"fb-like fb-like-button_count\" data-href=\"https:\/\/www.zsben.cz\/wordpress\/?p=134820\" data-colorscheme=\"light\" data-layout=\"button_count\" data-action=\"like\"  data-size=\"small\"><\/div><\/div><div class=\"fb-share-button  \" data-href=\"https:\/\/www.zsben.cz\/wordpress\/?p=134820\" data-type=\"button_count\" data-size=\"small\"><\/div><\/div>","protected":false},"excerpt":{"rendered":"<p>Ve st\u0159edu 18. 2. se na Gymn\u00e1ziu ve Vla\u0161imi uskute\u010dnilo okresn\u00ed kolo Geografick\u00e9 olympi\u00e1dy. Na\u0161i reprezentanti v siln\u00e9 konkurenci skv\u011ble obst\u00e1li. V\u00fdsledky: Kategorie A: Tom\u00e1\u0161 Posp\u00ed\u0161il (6. C) vybojoval skv\u011bl\u00e9 2. m\u00edsto a Maty\u00e1\u0161 Vandas (6. A) 6. m\u00edsto z 15 sout\u011b\u017e\u00edc\u00edch. Kategorie B: Michal Kosteck\u00fd (7. A) a Filip Vlkannova (7. D) obsadili d\u011blen\u00e9 [&hellip;]<\/p>\n","protected":false},"author":32,"featured_media":0,"comment_status":"closed","ping_status":"closed","sticky":false,"template":"","format":"standard","meta":{"ngg_post_thumbnail":0,"footnotes":""},"categories":[1],"tags":[],"class_list":["post-134820","post","type-post","status-publish","format-standard","hentry","category-aktuality"],"_links":{"self":[{"href":"https:\/\/www.zsben.cz\/wordpress\/index.php?rest_route=\/wp\/v2\/posts\/134820","targetHints":{"allow":["GET"]}}],"collection":[{"href":"https:\/\/www.zsben.cz\/wordpress\/index.php?rest_route=\/wp\/v2\/posts"}],"about":[{"href":"https:\/\/www.zsben.cz\/wordpress\/index.php?rest_route=\/wp\/v2\/types\/post"}],"author":[{"embeddable":true,"href":"https:\/\/www.zsben.cz\/wordpress\/index.php?rest_route=\/wp\/v2\/users\/32"}],"replies":[{"embeddable":true,"href":"https:\/\/www.zsben.cz\/wordpress\/index.php?rest_route=%2Fwp%2Fv2%2Fcomments&post=134820"}],"version-history":[{"count":8,"href":"https:\/\/www.zsben.cz\/wordpress\/index.php?rest_route=\/wp\/v2\/posts\/134820\/revisions"}],"predecessor-version":[{"id":134828,"href":"https:\/\/www.zsben.cz\/wordpress\/index.php?rest_route=\/wp\/v2\/posts\/134820\/revisions\/134828"}],"wp:attachment":[{"href":"https:\/\/www.zsben.cz\/wordpress\/index.php?rest_route=%2Fwp%2Fv2%2Fmedia&parent=134820"}],"wp:term":[{"taxonomy":"category","embeddable":true,"href":"https:\/\/www.zsben.cz\/wordpress\/index.php?rest_route=%2Fwp%2Fv2%2Fcategories&post=134820"},{"taxonomy":"post_tag","embeddable":true,"href":"https:\/\/www.zsben.cz\/wordpress\/index.php?rest_route=%2Fwp%2Fv2%2Ftags&post=134820"}],"curies":[{"name":"wp","href":"https:\/\/api.w.org\/{rel}","templated":true}]}}