{"id":134785,"date":"2026-02-18T17:00:54","date_gmt":"2026-02-18T16:00:54","guid":{"rendered":"https:\/\/www.zsben.cz\/wordpress\/?p=134785"},"modified":"2026-02-18T17:00:54","modified_gmt":"2026-02-18T16:00:54","slug":"knihovna-v-1-b","status":"publish","type":"post","link":"https:\/\/www.zsben.cz\/wordpress\/?p=134785","title":{"rendered":"Knihovna v 1.B"},"content":{"rendered":"<p>Dne 5.2. se na\u0161e t\u0159\u00edda z\u00fa\u010dastnila programu m\u011bstsk\u00e9 knihovny Bene\u0161ov \u2013 Barevn\u00e9 poh\u00e1dky. Z d\u016fvodu rekonstrukce knihovny n\u00e1s pan\u00ed knihovnice nav\u0161t\u00edvily p\u0159\u00edmo v na\u0161\u00ed t\u0159\u00edd\u011b v 1.B. D\u011bti m\u011bly mo\u017enost vyslechnout si zaj\u00edmav\u00e9 p\u0159\u00edb\u011bhy. V ka\u017ed\u00e9 poh\u00e1dce byla ukryt\u00e1 n\u011bjak\u00e1 barva, kterou d\u011bti musely uh\u00e1dnout. D\u00e1le plnily z\u00e1bavn\u00e9 \u00fakoly, p\u0159i nich\u017e vyu\u017eily svoje dovednosti. Program byl z\u00e1bavn\u00fd i pou\u010dn\u00fd, a proto u\u017e se t\u011b\u0161\u00edme, a\u017e se nov\u00e9 prostory knihovny otev\u0159ou a budeme je moci nav\u0161t\u00edvit osobn\u011b.<\/p>\n<p>Text a foto: Mgr. Michaela V\u00e1chov\u00e1<\/p>\nngg_shortcode_0_placeholder\n<div class=\"fcbkbttn_buttons_block\" id=\"fcbkbttn_left\"><div class=\"fcbkbttn_like \"><div class=\"fb-like fb-like-button_count\" data-href=\"https:\/\/www.zsben.cz\/wordpress\/?p=134785\" data-colorscheme=\"light\" data-layout=\"button_count\" data-action=\"like\"  data-size=\"small\"><\/div><\/div><div class=\"fb-share-button  \" data-href=\"https:\/\/www.zsben.cz\/wordpress\/?p=134785\" data-type=\"button_count\" data-size=\"small\"><\/div><\/div>","protected":false},"excerpt":{"rendered":"<p>Dne 5.2. se na\u0161e t\u0159\u00edda z\u00fa\u010dastnila programu m\u011bstsk\u00e9 knihovny Bene\u0161ov \u2013 Barevn\u00e9 poh\u00e1dky. Z d\u016fvodu rekonstrukce knihovny n\u00e1s pan\u00ed knihovnice nav\u0161t\u00edvily p\u0159\u00edmo v na\u0161\u00ed t\u0159\u00edd\u011b v 1.B. D\u011bti m\u011bly mo\u017enost vyslechnout si zaj\u00edmav\u00e9 p\u0159\u00edb\u011bhy. V ka\u017ed\u00e9 poh\u00e1dce byla ukryt\u00e1 n\u011bjak\u00e1 barva, kterou d\u011bti musely uh\u00e1dnout. D\u00e1le plnily z\u00e1bavn\u00e9 \u00fakoly, p\u0159i nich\u017e vyu\u017eily svoje dovednosti. Program [&hellip;]<\/p>\n","protected":false},"author":15,"featured_media":0,"comment_status":"closed","ping_status":"closed","sticky":false,"template":"","format":"standard","meta":{"ngg_post_thumbnail":0,"footnotes":""},"categories":[1],"tags":[],"class_list":["post-134785","post","type-post","status-publish","format-standard","hentry","category-aktuality"],"_links":{"self":[{"href":"https:\/\/www.zsben.cz\/wordpress\/index.php?rest_route=\/wp\/v2\/posts\/134785","targetHints":{"allow":["GET"]}}],"collection":[{"href":"https:\/\/www.zsben.cz\/wordpress\/index.php?rest_route=\/wp\/v2\/posts"}],"about":[{"href":"https:\/\/www.zsben.cz\/wordpress\/index.php?rest_route=\/wp\/v2\/types\/post"}],"author":[{"embeddable":true,"href":"https:\/\/www.zsben.cz\/wordpress\/index.php?rest_route=\/wp\/v2\/users\/15"}],"replies":[{"embeddable":true,"href":"https:\/\/www.zsben.cz\/wordpress\/index.php?rest_route=%2Fwp%2Fv2%2Fcomments&post=134785"}],"version-history":[{"count":2,"href":"https:\/\/www.zsben.cz\/wordpress\/index.php?rest_route=\/wp\/v2\/posts\/134785\/revisions"}],"predecessor-version":[{"id":134800,"href":"https:\/\/www.zsben.cz\/wordpress\/index.php?rest_route=\/wp\/v2\/posts\/134785\/revisions\/134800"}],"wp:attachment":[{"href":"https:\/\/www.zsben.cz\/wordpress\/index.php?rest_route=%2Fwp%2Fv2%2Fmedia&parent=134785"}],"wp:term":[{"taxonomy":"category","embeddable":true,"href":"https:\/\/www.zsben.cz\/wordpress\/index.php?rest_route=%2Fwp%2Fv2%2Fcategories&post=134785"},{"taxonomy":"post_tag","embeddable":true,"href":"https:\/\/www.zsben.cz\/wordpress\/index.php?rest_route=%2Fwp%2Fv2%2Ftags&post=134785"}],"curies":[{"name":"wp","href":"https:\/\/api.w.org\/{rel}","templated":true}]}}