{"id":134689,"date":"2026-02-05T11:33:15","date_gmt":"2026-02-05T10:33:15","guid":{"rendered":"https:\/\/www.zsben.cz\/wordpress\/?p=134689"},"modified":"2026-02-05T11:33:15","modified_gmt":"2026-02-05T10:33:15","slug":"jsme-hrdou-soucasti-recyklohrani-ucime-deti-ze-na-prirode-zalezi","status":"publish","type":"post","link":"https:\/\/www.zsben.cz\/wordpress\/?p=134689","title":{"rendered":"Jsme hrdou sou\u010d\u00e1st\u00ed Recyklohran\u00ed: U\u010d\u00edme d\u011bti, \u017ee na p\u0159\u00edrod\u011b z\u00e1le\u017e\u00ed"},"content":{"rendered":"<p data-path-to-node=\"4\">V na\u0161\u00ed \u0161kole v\u011b\u0159\u00edme, \u017ee vzd\u011bl\u00e1v\u00e1n\u00ed nekon\u010d\u00ed u tabule a u\u010debnic. Chceme, aby z na\u0161ich \u017e\u00e1k\u016f vyrostli zodpov\u011bdn\u00ed lid\u00e9, kte\u0159\u00ed vn\u00edmaj\u00ed sv\u011bt kolem sebe a rozum\u00ed hodnot\u011b p\u0159\u00edrody. Proto jsme se s chut\u00ed zapojili do vzd\u011bl\u00e1vac\u00edho programu <b data-path-to-node=\"4\" data-index-in-node=\"227\">Recyklohran\u00ed aneb Ukli\u010fme si sv\u011bt<\/b>.<\/p>\n<h3 data-path-to-node=\"5\">Pro\u010d to d\u011bl\u00e1me?<\/h3>\n<ul data-path-to-node=\"7\">\n<li>\n<p data-path-to-node=\"7,0,0\"><b data-path-to-node=\"7,0,0\" data-index-in-node=\"0\">T\u0159\u00edd\u011bn\u00ed odpadu:<\/b> U\u010d\u00edme d\u011bti, \u017ee odpad nen\u00ed jen \u201esmet\u00ed\u201c, ale surovina, kter\u00e1 m\u016f\u017ee dostat druh\u00fd \u017eivot.<\/p>\n<\/li>\n<li>\n<p data-path-to-node=\"7,1,0\"><b data-path-to-node=\"7,1,0\" data-index-in-node=\"0\">\u0160et\u0159en\u00ed p\u0159\u00edrody:<\/b> Diskutujeme o tom, jak ka\u017ed\u00fd z n\u00e1s m\u016f\u017ee sn\u00ed\u017eit svou ekologickou stopu.<\/p>\n<\/li>\n<li>\n<p data-path-to-node=\"7,2,0\"><b data-path-to-node=\"7,2,0\" data-index-in-node=\"0\">Zodpov\u011bdn\u00fd p\u0159\u00edstup:<\/b> Vedeme \u017e\u00e1ky k zamy\u0161len\u00ed nad t\u00edm, jak jejich ka\u017edodenn\u00ed rozhodnut\u00ed ovliv\u0148uj\u00ed planetu, na kter\u00e9 budou \u017e\u00edt.<\/p>\n<\/li>\n<\/ul>\n<h3 data-path-to-node=\"11\">Sledujte n\u00e1s<\/h3>\n<p data-path-to-node=\"12\">Na chodb\u00e1ch \u0161koly nyn\u00ed m\u016f\u017eete potkat na\u0161e nov\u00e9 plak\u00e1ty, kter\u00e9 p\u0159ipom\u00ednaj\u00ed, \u017ee jsme sou\u010d\u00e1st\u00ed t\u00e9to smyslupln\u00e9 iniciativy. D\u011bkujeme v\u0161em rodi\u010d\u016fm i \u017e\u00e1k\u016fm, kte\u0159\u00ed n\u00e1s v na\u0161em ekologick\u00e9m \u00fasil\u00ed podporuj\u00ed.<\/p>\n<p data-path-to-node=\"12\">Spole\u010dn\u011b ukl\u00edz\u00edme sv\u011bt!<\/p>\n<div id='gallery-1' class='gallery galleryid-134689 gallery-columns-1 gallery-size-large'><figure class='gallery-item'>\n\t\t\t<div class='gallery-icon portrait'>\n\t\t\t\t<a href='https:\/\/www.zsben.cz\/wordpress\/?attachment_id=134693'><img loading=\"lazy\" decoding=\"async\" width=\"640\" height=\"905\" src=\"https:\/\/www.zsben.cz\/wordpress\/wp-content\/uploads\/2026\/02\/c0b27f4c-dddd-4326-82c5-5256a58e86e1-724x1024.jpg\" class=\"attachment-large size-large\" alt=\"\" srcset=\"https:\/\/www.zsben.cz\/wordpress\/wp-content\/uploads\/2026\/02\/c0b27f4c-dddd-4326-82c5-5256a58e86e1-724x1024.jpg 724w, https:\/\/www.zsben.cz\/wordpress\/wp-content\/uploads\/2026\/02\/c0b27f4c-dddd-4326-82c5-5256a58e86e1-354x500.jpg 354w, https:\/\/www.zsben.cz\/wordpress\/wp-content\/uploads\/2026\/02\/c0b27f4c-dddd-4326-82c5-5256a58e86e1-106x150.jpg 106w, https:\/\/www.zsben.cz\/wordpress\/wp-content\/uploads\/2026\/02\/c0b27f4c-dddd-4326-82c5-5256a58e86e1-768x1086.jpg 768w, https:\/\/www.zsben.cz\/wordpress\/wp-content\/uploads\/2026\/02\/c0b27f4c-dddd-4326-82c5-5256a58e86e1-1086x1536.jpg 1086w, https:\/\/www.zsben.cz\/wordpress\/wp-content\/uploads\/2026\/02\/c0b27f4c-dddd-4326-82c5-5256a58e86e1-1448x2048.jpg 1448w, https:\/\/www.zsben.cz\/wordpress\/wp-content\/uploads\/2026\/02\/c0b27f4c-dddd-4326-82c5-5256a58e86e1.jpg 1744w\" sizes=\"auto, (max-width: 640px) 100vw, 640px\" \/><\/a>\n\t\t\t<\/div><\/figure><figure class='gallery-item'>\n\t\t\t<div class='gallery-icon landscape'>\n\t\t\t\t<a href='https:\/\/www.zsben.cz\/wordpress\/?attachment_id=134691'><img loading=\"lazy\" decoding=\"async\" width=\"640\" height=\"640\" src=\"https:\/\/www.zsben.cz\/wordpress\/wp-content\/uploads\/2026\/02\/Logo-Recyklohrani-aneb-Uklidme-si-svet-1024x1024.jpg\" class=\"attachment-large size-large\" alt=\"\" srcset=\"https:\/\/www.zsben.cz\/wordpress\/wp-content\/uploads\/2026\/02\/Logo-Recyklohrani-aneb-Uklidme-si-svet-1024x1024.jpg 1024w, https:\/\/www.zsben.cz\/wordpress\/wp-content\/uploads\/2026\/02\/Logo-Recyklohrani-aneb-Uklidme-si-svet-500x500.jpg 500w, https:\/\/www.zsben.cz\/wordpress\/wp-content\/uploads\/2026\/02\/Logo-Recyklohrani-aneb-Uklidme-si-svet-150x150.jpg 150w, https:\/\/www.zsben.cz\/wordpress\/wp-content\/uploads\/2026\/02\/Logo-Recyklohrani-aneb-Uklidme-si-svet-768x768.jpg 768w, https:\/\/www.zsben.cz\/wordpress\/wp-content\/uploads\/2026\/02\/Logo-Recyklohrani-aneb-Uklidme-si-svet-1536x1536.jpg 1536w, https:\/\/www.zsben.cz\/wordpress\/wp-content\/uploads\/2026\/02\/Logo-Recyklohrani-aneb-Uklidme-si-svet.jpg 1754w\" sizes=\"auto, (max-width: 640px) 100vw, 640px\" \/><\/a>\n\t\t\t<\/div><\/figure>\n\t\t<\/div>\n\n<div class=\"fcbkbttn_buttons_block\" id=\"fcbkbttn_left\"><div class=\"fcbkbttn_like \"><div class=\"fb-like fb-like-button_count\" data-href=\"https:\/\/www.zsben.cz\/wordpress\/?p=134689\" data-colorscheme=\"light\" data-layout=\"button_count\" data-action=\"like\"  data-size=\"small\"><\/div><\/div><div class=\"fb-share-button  \" data-href=\"https:\/\/www.zsben.cz\/wordpress\/?p=134689\" data-type=\"button_count\" data-size=\"small\"><\/div><\/div>","protected":false},"excerpt":{"rendered":"<p>V na\u0161\u00ed \u0161kole v\u011b\u0159\u00edme, \u017ee vzd\u011bl\u00e1v\u00e1n\u00ed nekon\u010d\u00ed u tabule a u\u010debnic. Chceme, aby z na\u0161ich \u017e\u00e1k\u016f vyrostli zodpov\u011bdn\u00ed lid\u00e9, kte\u0159\u00ed vn\u00edmaj\u00ed sv\u011bt kolem sebe a rozum\u00ed hodnot\u011b p\u0159\u00edrody. Proto jsme se s chut\u00ed zapojili do vzd\u011bl\u00e1vac\u00edho programu Recyklohran\u00ed aneb Ukli\u010fme si sv\u011bt. Pro\u010d to d\u011bl\u00e1me? T\u0159\u00edd\u011bn\u00ed odpadu: U\u010d\u00edme d\u011bti, \u017ee odpad nen\u00ed jen \u201esmet\u00ed\u201c, ale [&hellip;]<\/p>\n","protected":false},"author":42,"featured_media":0,"comment_status":"closed","ping_status":"closed","sticky":false,"template":"","format":"standard","meta":{"ngg_post_thumbnail":0,"footnotes":""},"categories":[9],"tags":[],"class_list":["post-134689","post","type-post","status-publish","format-standard","hentry","category-evvo"],"_links":{"self":[{"href":"https:\/\/www.zsben.cz\/wordpress\/index.php?rest_route=\/wp\/v2\/posts\/134689","targetHints":{"allow":["GET"]}}],"collection":[{"href":"https:\/\/www.zsben.cz\/wordpress\/index.php?rest_route=\/wp\/v2\/posts"}],"about":[{"href":"https:\/\/www.zsben.cz\/wordpress\/index.php?rest_route=\/wp\/v2\/types\/post"}],"author":[{"embeddable":true,"href":"https:\/\/www.zsben.cz\/wordpress\/index.php?rest_route=\/wp\/v2\/users\/42"}],"replies":[{"embeddable":true,"href":"https:\/\/www.zsben.cz\/wordpress\/index.php?rest_route=%2Fwp%2Fv2%2Fcomments&post=134689"}],"version-history":[{"count":1,"href":"https:\/\/www.zsben.cz\/wordpress\/index.php?rest_route=\/wp\/v2\/posts\/134689\/revisions"}],"predecessor-version":[{"id":134694,"href":"https:\/\/www.zsben.cz\/wordpress\/index.php?rest_route=\/wp\/v2\/posts\/134689\/revisions\/134694"}],"wp:attachment":[{"href":"https:\/\/www.zsben.cz\/wordpress\/index.php?rest_route=%2Fwp%2Fv2%2Fmedia&parent=134689"}],"wp:term":[{"taxonomy":"category","embeddable":true,"href":"https:\/\/www.zsben.cz\/wordpress\/index.php?rest_route=%2Fwp%2Fv2%2Fcategories&post=134689"},{"taxonomy":"post_tag","embeddable":true,"href":"https:\/\/www.zsben.cz\/wordpress\/index.php?rest_route=%2Fwp%2Fv2%2Ftags&post=134689"}],"curies":[{"name":"wp","href":"https:\/\/api.w.org\/{rel}","templated":true}]}}