{"id":131553,"date":"2025-11-20T20:42:49","date_gmt":"2025-11-20T19:42:49","guid":{"rendered":"https:\/\/www.zsben.cz\/wordpress\/?p=131553"},"modified":"2025-11-20T20:42:49","modified_gmt":"2025-11-20T19:42:49","slug":"7-a-laskavec","status":"publish","type":"post","link":"https:\/\/www.zsben.cz\/wordpress\/?p=131553","title":{"rendered":"7. A &#8211; Laskavec"},"content":{"rendered":"<div class=\"x_elementToProof\" data-olk-copy-source=\"MessageBody\">N\u011bkolik \u017e\u00e1k\u016f z na\u0161\u00ed t\u0159\u00eddy nav\u0161t\u00edvilo dne 18. 11. ps\u00ed \u00fatulek v Dob\u0159\u00ed\u0161i. V r\u00e1mci projektu Jsem laskavec jsme dovezli mal\u00e9 laskominy a po kr\u00e1tk\u00e9 prohl\u00eddce vyu\u017eili mo\u017enost ven\u010dit ps\u00edho kamar\u00e1da jm\u00e9nem Bax. Moc jsme si odpoledne u\u017eili&nbsp; a odch\u00e1zeli s pocitem, \u017ee jsme ud\u011blali n\u011bco dobr\u00e9ho.<\/div>\n<div data-olk-copy-source=\"MessageBody\">&nbsp;<\/div>\n<div data-olk-copy-source=\"MessageBody\"><em>\u017d\u00e1ci 7. A<\/em><\/div>\n<div data-olk-copy-source=\"MessageBody\">&nbsp;<\/div>\n<div data-olk-copy-source=\"MessageBody\">\n<div id='gallery-1' class='gallery galleryid-131553 gallery-columns-1 gallery-size-large'><figure class='gallery-item'>\n\t\t\t<div class='gallery-icon landscape'>\n\t\t\t\t<a href='https:\/\/www.zsben.cz\/wordpress\/?attachment_id=131555'><img loading=\"lazy\" decoding=\"async\" width=\"640\" height=\"478\" src=\"https:\/\/www.zsben.cz\/wordpress\/wp-content\/uploads\/2025\/11\/utulek-2--1024x765.jpg\" class=\"attachment-large size-large\" alt=\"\" srcset=\"https:\/\/www.zsben.cz\/wordpress\/wp-content\/uploads\/2025\/11\/utulek-2--1024x765.jpg 1024w, https:\/\/www.zsben.cz\/wordpress\/wp-content\/uploads\/2025\/11\/utulek-2--500x374.jpg 500w, https:\/\/www.zsben.cz\/wordpress\/wp-content\/uploads\/2025\/11\/utulek-2--150x112.jpg 150w, https:\/\/www.zsben.cz\/wordpress\/wp-content\/uploads\/2025\/11\/utulek-2--768x574.jpg 768w, https:\/\/www.zsben.cz\/wordpress\/wp-content\/uploads\/2025\/11\/utulek-2--1536x1148.jpg 1536w, https:\/\/www.zsben.cz\/wordpress\/wp-content\/uploads\/2025\/11\/utulek-2-.jpg 1600w\" sizes=\"auto, (max-width: 640px) 100vw, 640px\" \/><\/a>\n\t\t\t<\/div><\/figure><figure class='gallery-item'>\n\t\t\t<div class='gallery-icon portrait'>\n\t\t\t\t<a href='https:\/\/www.zsben.cz\/wordpress\/?attachment_id=131554'><img loading=\"lazy\" decoding=\"async\" width=\"640\" height=\"857\" src=\"https:\/\/www.zsben.cz\/wordpress\/wp-content\/uploads\/2025\/11\/utulek--765x1024.jpg\" class=\"attachment-large size-large\" alt=\"\" srcset=\"https:\/\/www.zsben.cz\/wordpress\/wp-content\/uploads\/2025\/11\/utulek--765x1024.jpg 765w, https:\/\/www.zsben.cz\/wordpress\/wp-content\/uploads\/2025\/11\/utulek--374x500.jpg 374w, https:\/\/www.zsben.cz\/wordpress\/wp-content\/uploads\/2025\/11\/utulek--112x150.jpg 112w, https:\/\/www.zsben.cz\/wordpress\/wp-content\/uploads\/2025\/11\/utulek--768x1027.jpg 768w, https:\/\/www.zsben.cz\/wordpress\/wp-content\/uploads\/2025\/11\/utulek--1148x1536.jpg 1148w, https:\/\/www.zsben.cz\/wordpress\/wp-content\/uploads\/2025\/11\/utulek-.jpg 1196w\" sizes=\"auto, (max-width: 640px) 100vw, 640px\" \/><\/a>\n\t\t\t<\/div><\/figure>\n\t\t<\/div>\n\n<\/div>\n<div>&nbsp;<\/div>\n<div class=\"fcbkbttn_buttons_block\" id=\"fcbkbttn_left\"><div class=\"fcbkbttn_like \"><div class=\"fb-like fb-like-button_count\" data-href=\"https:\/\/www.zsben.cz\/wordpress\/?p=131553\" data-colorscheme=\"light\" data-layout=\"button_count\" data-action=\"like\"  data-size=\"small\"><\/div><\/div><div class=\"fb-share-button  \" data-href=\"https:\/\/www.zsben.cz\/wordpress\/?p=131553\" data-type=\"button_count\" data-size=\"small\"><\/div><\/div>","protected":false},"excerpt":{"rendered":"<p>N\u011bkolik \u017e\u00e1k\u016f z na\u0161\u00ed t\u0159\u00eddy nav\u0161t\u00edvilo dne 18. 11. ps\u00ed \u00fatulek v Dob\u0159\u00ed\u0161i. V r\u00e1mci projektu Jsem laskavec jsme dovezli mal\u00e9 laskominy a po kr\u00e1tk\u00e9 prohl\u00eddce vyu\u017eili mo\u017enost ven\u010dit ps\u00edho kamar\u00e1da jm\u00e9nem Bax. Moc jsme si odpoledne u\u017eili&nbsp; a odch\u00e1zeli s pocitem, \u017ee jsme ud\u011blali n\u011bco dobr\u00e9ho. &nbsp; \u017d\u00e1ci 7. A &nbsp; &nbsp;<\/p>\n","protected":false},"author":42,"featured_media":0,"comment_status":"closed","ping_status":"closed","sticky":false,"template":"","format":"standard","meta":{"ngg_post_thumbnail":0,"footnotes":""},"categories":[1],"tags":[],"class_list":["post-131553","post","type-post","status-publish","format-standard","hentry","category-aktuality"],"_links":{"self":[{"href":"https:\/\/www.zsben.cz\/wordpress\/index.php?rest_route=\/wp\/v2\/posts\/131553","targetHints":{"allow":["GET"]}}],"collection":[{"href":"https:\/\/www.zsben.cz\/wordpress\/index.php?rest_route=\/wp\/v2\/posts"}],"about":[{"href":"https:\/\/www.zsben.cz\/wordpress\/index.php?rest_route=\/wp\/v2\/types\/post"}],"author":[{"embeddable":true,"href":"https:\/\/www.zsben.cz\/wordpress\/index.php?rest_route=\/wp\/v2\/users\/42"}],"replies":[{"embeddable":true,"href":"https:\/\/www.zsben.cz\/wordpress\/index.php?rest_route=%2Fwp%2Fv2%2Fcomments&post=131553"}],"version-history":[{"count":1,"href":"https:\/\/www.zsben.cz\/wordpress\/index.php?rest_route=\/wp\/v2\/posts\/131553\/revisions"}],"predecessor-version":[{"id":131556,"href":"https:\/\/www.zsben.cz\/wordpress\/index.php?rest_route=\/wp\/v2\/posts\/131553\/revisions\/131556"}],"wp:attachment":[{"href":"https:\/\/www.zsben.cz\/wordpress\/index.php?rest_route=%2Fwp%2Fv2%2Fmedia&parent=131553"}],"wp:term":[{"taxonomy":"category","embeddable":true,"href":"https:\/\/www.zsben.cz\/wordpress\/index.php?rest_route=%2Fwp%2Fv2%2Fcategories&post=131553"},{"taxonomy":"post_tag","embeddable":true,"href":"https:\/\/www.zsben.cz\/wordpress\/index.php?rest_route=%2Fwp%2Fv2%2Ftags&post=131553"}],"curies":[{"name":"wp","href":"https:\/\/api.w.org\/{rel}","templated":true}]}}