{"id":130773,"date":"2025-10-30T19:36:05","date_gmt":"2025-10-30T18:36:05","guid":{"rendered":"https:\/\/www.zsben.cz\/wordpress\/?p=130773"},"modified":"2025-10-30T19:36:05","modified_gmt":"2025-10-30T18:36:05","slug":"obleceni-kolace-a-dobre-srdce-2","status":"publish","type":"post","link":"https:\/\/www.zsben.cz\/wordpress\/?p=130773","title":{"rendered":"Oble\u010den\u00ed, kol\u00e1\u010de a dobr\u00e9 srdce"},"content":{"rendered":"<p>Ve st\u0159edu 28. kv\u011btna 2025 se na na\u0161\u00ed \u0161kole konala u\u017e podruh\u00e9 kr\u00e1sn\u00e1 akce \u2013 swap spojen\u00fd s charitativn\u00ed kav\u00e1rnou. I letos jsme se rozhodli podpo\u0159it hospic Dobr\u00e9ho Past\u00fd\u0159e v \u010cer\u010danech, kter\u00fd poskytuje d\u016fle\u017eitou p\u00e9\u010di nevyl\u00e9\u010diteln\u011b nemocn\u00fdm.<\/p>\n<p data-start=\"380\" data-end=\"690\">Cel\u00e9 odpoledne se neslo ve velmi p\u0159\u00edjemn\u00e9 a p\u0159\u00e1telsk\u00e9 atmosf\u00e9\u0159e. Do swapu se zapojilo mnoho \u017e\u00e1k\u016f, rodi\u010d\u016f i u\u010ditel\u016f, kte\u0159\u00ed p\u0159inesli oble\u010den\u00ed, knihy, dopl\u0148ky a dal\u0161\u00ed v\u011bci, kter\u00e9 u\u017e sami nepot\u0159ebovali, ale mohly ud\u011blat radost n\u011bkomu jin\u00e9mu. Ne\u0161lo jen o v\u00fdm\u011bnu v\u011bc\u00ed, ale tak\u00e9 o podporu udr\u017eitelnosti a v\u011bdom\u00e9ho nakupov\u00e1n\u00ed.<\/p>\n<p data-start=\"692\" data-end=\"1052\">Sou\u010d\u00e1st\u00ed akce byla tak\u00e9 charitativn\u00ed kav\u00e1rna s dom\u00e1c\u00edmi dobrotami \u2013 nechyb\u011bly kol\u00e1\u010de, su\u0161enky, \u0161tr\u00fadl ani vo\u0148av\u00e1 k\u00e1va \u010di hork\u00e1 \u010dokol\u00e1da. Lid\u00e9 zde vytvo\u0159ili velmi p\u0159\u00edjemn\u00e9 odpoledne pln\u00e9 sd\u00edlen\u00ed a pomoci.<\/p>\n<p data-start=\"1054\" data-end=\"1182\">D\u011bkujeme v\u0161em, kdo p\u0159isp\u011bli \u2013 a\u0165 u\u017e svou \u00fa\u010dast\u00ed, donesen\u00edm v\u011bc\u00ed, pe\u010den\u00edm dobrot nebo pomoc\u00ed s organizac\u00ed. Celkov\u00e1 \u010d\u00e1stka, kter\u00e1 poputuje do hospice, je 5057,-.<\/p>\n<p>Z\u0160 Bene\u0161ov, Dukelsk\u00e1 1818<\/p>\n<p><img loading=\"lazy\" decoding=\"async\" class=\"alignnone size-full wp-image-126640\" src=\"https:\/\/www.zsben.cz\/wordpress\/wp-content\/uploads\/2025\/05\/20250528_153056-scaled.jpg\" alt=\"\" width=\"2560\" height=\"1920\" srcset=\"https:\/\/www.zsben.cz\/wordpress\/wp-content\/uploads\/2025\/05\/20250528_153056-scaled.jpg 2560w, https:\/\/www.zsben.cz\/wordpress\/wp-content\/uploads\/2025\/05\/20250528_153056-500x375.jpg 500w, https:\/\/www.zsben.cz\/wordpress\/wp-content\/uploads\/2025\/05\/20250528_153056-1024x768.jpg 1024w, https:\/\/www.zsben.cz\/wordpress\/wp-content\/uploads\/2025\/05\/20250528_153056-150x113.jpg 150w, https:\/\/www.zsben.cz\/wordpress\/wp-content\/uploads\/2025\/05\/20250528_153056-768x576.jpg 768w, https:\/\/www.zsben.cz\/wordpress\/wp-content\/uploads\/2025\/05\/20250528_153056-1536x1152.jpg 1536w, https:\/\/www.zsben.cz\/wordpress\/wp-content\/uploads\/2025\/05\/20250528_153056-2048x1536.jpg 2048w\" sizes=\"auto, (max-width: 2560px) 100vw, 2560px\" \/><\/p>\n<div class=\"fcbkbttn_buttons_block\" id=\"fcbkbttn_left\"><div class=\"fcbkbttn_like \"><div class=\"fb-like fb-like-button_count\" data-href=\"https:\/\/www.zsben.cz\/wordpress\/?p=130773\" data-colorscheme=\"light\" data-layout=\"button_count\" data-action=\"like\"  data-size=\"small\"><\/div><\/div><div class=\"fb-share-button  \" data-href=\"https:\/\/www.zsben.cz\/wordpress\/?p=130773\" data-type=\"button_count\" data-size=\"small\"><\/div><\/div>","protected":false},"excerpt":{"rendered":"<p>Ve st\u0159edu 28. kv\u011btna 2025 se na na\u0161\u00ed \u0161kole konala u\u017e podruh\u00e9 kr\u00e1sn\u00e1 akce \u2013 swap spojen\u00fd s charitativn\u00ed kav\u00e1rnou. I letos jsme se rozhodli podpo\u0159it hospic Dobr\u00e9ho Past\u00fd\u0159e v \u010cer\u010danech, kter\u00fd poskytuje d\u016fle\u017eitou p\u00e9\u010di nevyl\u00e9\u010diteln\u011b nemocn\u00fdm. Cel\u00e9 odpoledne se neslo ve velmi p\u0159\u00edjemn\u00e9 a p\u0159\u00e1telsk\u00e9 atmosf\u00e9\u0159e. Do swapu se zapojilo mnoho \u017e\u00e1k\u016f, rodi\u010d\u016f i [&hellip;]<\/p>\n","protected":false},"author":42,"featured_media":0,"comment_status":"closed","ping_status":"closed","sticky":false,"template":"","format":"standard","meta":{"ngg_post_thumbnail":0,"footnotes":""},"categories":[9],"tags":[],"class_list":["post-130773","post","type-post","status-publish","format-standard","hentry","category-evvo"],"_links":{"self":[{"href":"https:\/\/www.zsben.cz\/wordpress\/index.php?rest_route=\/wp\/v2\/posts\/130773","targetHints":{"allow":["GET"]}}],"collection":[{"href":"https:\/\/www.zsben.cz\/wordpress\/index.php?rest_route=\/wp\/v2\/posts"}],"about":[{"href":"https:\/\/www.zsben.cz\/wordpress\/index.php?rest_route=\/wp\/v2\/types\/post"}],"author":[{"embeddable":true,"href":"https:\/\/www.zsben.cz\/wordpress\/index.php?rest_route=\/wp\/v2\/users\/42"}],"replies":[{"embeddable":true,"href":"https:\/\/www.zsben.cz\/wordpress\/index.php?rest_route=%2Fwp%2Fv2%2Fcomments&post=130773"}],"version-history":[{"count":1,"href":"https:\/\/www.zsben.cz\/wordpress\/index.php?rest_route=\/wp\/v2\/posts\/130773\/revisions"}],"predecessor-version":[{"id":130774,"href":"https:\/\/www.zsben.cz\/wordpress\/index.php?rest_route=\/wp\/v2\/posts\/130773\/revisions\/130774"}],"wp:attachment":[{"href":"https:\/\/www.zsben.cz\/wordpress\/index.php?rest_route=%2Fwp%2Fv2%2Fmedia&parent=130773"}],"wp:term":[{"taxonomy":"category","embeddable":true,"href":"https:\/\/www.zsben.cz\/wordpress\/index.php?rest_route=%2Fwp%2Fv2%2Fcategories&post=130773"},{"taxonomy":"post_tag","embeddable":true,"href":"https:\/\/www.zsben.cz\/wordpress\/index.php?rest_route=%2Fwp%2Fv2%2Ftags&post=130773"}],"curies":[{"name":"wp","href":"https:\/\/api.w.org\/{rel}","templated":true}]}}