{"id":130605,"date":"2025-10-23T20:57:46","date_gmt":"2025-10-23T18:57:46","guid":{"rendered":"https:\/\/www.zsben.cz\/wordpress\/?p=130605"},"modified":"2025-10-23T20:57:46","modified_gmt":"2025-10-23T18:57:46","slug":"prvnaci-v-mud","status":"publish","type":"post","link":"https:\/\/www.zsben.cz\/wordpress\/?p=130605","title":{"rendered":"Prv\u0148\u00e1ci v MUD*"},"content":{"rendered":"<p>V druh\u00e9 polovin\u011b \u0159\u00edjna 2025 se \u017e\u00e1ci prvn\u00edch t\u0159\u00edd vydali do muzea v Bene\u0161ov\u011b. M\u011bli mo\u017enost zhl\u00e9dnout v\u00fdstavu \u2013 Obraz, z\u00e1znam, technika?, kter\u00e1 p\u0159edstavuje \u010d\u00e1st rozs\u00e1hl\u00e9 podsb\u00edrky fotografie a designu MUD*. Zam\u011b\u0159uje se na mapov\u00e1n\u00ed technologick\u00e9ho v\u00fdvoje m\u00e9dia a sleduje prom\u011bny fotografick\u00e9ho obrazu a jeho vn\u00edm\u00e1n\u00ed. Zavedla \u017e\u00e1ky nap\u0159\u00ed\u010d histori\u00ed fotografie od daguerrotypie po sou\u010dasnost a umo\u017enila jim vlastn\u00edma rukama experimentovat s tvorbou fotogram\u016f \u2013 kresbou sv\u011btlem. Velk\u00fd d\u00edk pat\u0159\u00ed m\u00edstn\u00edm eduk\u00e1tor\u016fm Lad\u011b Fiegerov\u00e9 a Martinu Vl\u010dkovi.<\/p>\n<p>Text a foto: t\u0159\u00eddn\u00ed p.u\u010ditelky 1.ro\u010dn\u00edku<\/p>\nngg_shortcode_0_placeholder\n<div class=\"fcbkbttn_buttons_block\" id=\"fcbkbttn_left\"><div class=\"fcbkbttn_like \"><div class=\"fb-like fb-like-button_count\" data-href=\"https:\/\/www.zsben.cz\/wordpress\/?p=130605\" data-colorscheme=\"light\" data-layout=\"button_count\" data-action=\"like\"  data-size=\"small\"><\/div><\/div><div class=\"fb-share-button  \" data-href=\"https:\/\/www.zsben.cz\/wordpress\/?p=130605\" data-type=\"button_count\" data-size=\"small\"><\/div><\/div>","protected":false},"excerpt":{"rendered":"<p>V druh\u00e9 polovin\u011b \u0159\u00edjna 2025 se \u017e\u00e1ci prvn\u00edch t\u0159\u00edd vydali do muzea v Bene\u0161ov\u011b. M\u011bli mo\u017enost zhl\u00e9dnout v\u00fdstavu \u2013 Obraz, z\u00e1znam, technika?, kter\u00e1 p\u0159edstavuje \u010d\u00e1st rozs\u00e1hl\u00e9 podsb\u00edrky fotografie a designu MUD*. Zam\u011b\u0159uje se na mapov\u00e1n\u00ed technologick\u00e9ho v\u00fdvoje m\u00e9dia a sleduje prom\u011bny fotografick\u00e9ho obrazu a jeho vn\u00edm\u00e1n\u00ed. Zavedla \u017e\u00e1ky nap\u0159\u00ed\u010d histori\u00ed fotografie od daguerrotypie po sou\u010dasnost [&hellip;]<\/p>\n","protected":false},"author":15,"featured_media":0,"comment_status":"closed","ping_status":"closed","sticky":false,"template":"","format":"standard","meta":{"ngg_post_thumbnail":0,"footnotes":""},"categories":[1],"tags":[],"class_list":["post-130605","post","type-post","status-publish","format-standard","hentry","category-aktuality"],"_links":{"self":[{"href":"https:\/\/www.zsben.cz\/wordpress\/index.php?rest_route=\/wp\/v2\/posts\/130605","targetHints":{"allow":["GET"]}}],"collection":[{"href":"https:\/\/www.zsben.cz\/wordpress\/index.php?rest_route=\/wp\/v2\/posts"}],"about":[{"href":"https:\/\/www.zsben.cz\/wordpress\/index.php?rest_route=\/wp\/v2\/types\/post"}],"author":[{"embeddable":true,"href":"https:\/\/www.zsben.cz\/wordpress\/index.php?rest_route=\/wp\/v2\/users\/15"}],"replies":[{"embeddable":true,"href":"https:\/\/www.zsben.cz\/wordpress\/index.php?rest_route=%2Fwp%2Fv2%2Fcomments&post=130605"}],"version-history":[{"count":7,"href":"https:\/\/www.zsben.cz\/wordpress\/index.php?rest_route=\/wp\/v2\/posts\/130605\/revisions"}],"predecessor-version":[{"id":130672,"href":"https:\/\/www.zsben.cz\/wordpress\/index.php?rest_route=\/wp\/v2\/posts\/130605\/revisions\/130672"}],"wp:attachment":[{"href":"https:\/\/www.zsben.cz\/wordpress\/index.php?rest_route=%2Fwp%2Fv2%2Fmedia&parent=130605"}],"wp:term":[{"taxonomy":"category","embeddable":true,"href":"https:\/\/www.zsben.cz\/wordpress\/index.php?rest_route=%2Fwp%2Fv2%2Fcategories&post=130605"},{"taxonomy":"post_tag","embeddable":true,"href":"https:\/\/www.zsben.cz\/wordpress\/index.php?rest_route=%2Fwp%2Fv2%2Ftags&post=130605"}],"curies":[{"name":"wp","href":"https:\/\/api.w.org\/{rel}","templated":true}]}}