{"id":128309,"date":"2025-06-25T17:54:10","date_gmt":"2025-06-25T15:54:10","guid":{"rendered":"https:\/\/www.zsben.cz\/wordpress\/?p=128309"},"modified":"2025-06-27T08:09:37","modified_gmt":"2025-06-27T06:09:37","slug":"reporter-tv-nova-na-konci-roku-debatoval-s-zaky-medialni-vychovy","status":"publish","type":"post","link":"https:\/\/www.zsben.cz\/wordpress\/?p=128309","title":{"rendered":"Report\u00e9r TV NOVA na konci roku debatoval s \u017e\u00e1ky medi\u00e1ln\u00ed v\u00fdchovy"},"content":{"rendered":"<p style=\"text-align: justify\">Leto\u0161n\u00ed rok byl v Medi\u00e1ln\u00ed v\u00fdchov\u011b pln\u00fd projekt\u016f i nov\u00fdch poznatk\u016f. \u0160est\u00e9 t\u0159\u00eddy maj\u00ed za sebou projekty \u201eNovin\u00e1\u0159\u201c, ve kter\u00e9m vytv\u00e1\u0159ely rozhovory, ankety a \u010dl\u00e1nky a \u201eNebezpe\u010d\u00ed online her\u201c, kdy se zhostily \u00falohy u\u010ditel\u016f sv\u00fdch vrstevn\u00edk\u016f z ro\u010dn\u00edku. Sedm\u00e1ci zase nato\u010dili sout\u011b\u017en\u00ed vlogy pro MAP Pos\u00e1zav\u00ed, za kter\u00e9 byli tak\u00e9 ocen\u011bni, ud\u011blali p\u0159edn\u00e1\u0161ku s workshopy pro seniory o kybernetick\u00fdch hrozb\u00e1ch nebo v r\u00e1mci Jarn\u00ed akademie \u0161koly p\u0159edstavili n\u00e1v\u0161t\u011bvn\u00edk\u016fm sc\u00e9nkou slovn\u00edk generace zet a alfa. Na konci roku se oba ro\u010dn\u00edky povinn\u011b voliteln\u00e9ho p\u0159edm\u011btu se\u0161ly u diskuze s report\u00e9rem sportovn\u00ed redakce TV NOVA Markem Otavou, kter\u00fd je b\u00fdval\u00fdm \u017e\u00e1kem na\u0161\u00ed \u0161koly. \u017d\u00e1k\u016fm vyl\u00ed\u010dil svou profesi i zaj\u00edmav\u00e9 historky ze z\u00e1kulis\u00ed televize. Nap\u0159\u00edklad, co d\u011blat, kdy\u017e m\u00e1 kameraman nat\u00e1\u010det Cristiana Ronalda, ale nato\u010d\u00ed jen v\u0161echny ostatn\u00ed hr\u00e1\u010de.\ud83d\ude04 Dozv\u011bd\u011bli jsme se tak\u00e9, jak rozmluvit hosty v \u017eiv\u00e9m nat\u00e1\u010den\u00ed podcastu. U\u017e se t\u011b\u0161\u00edme, co n\u00e1m p\u0159inese p\u0159\u00ed\u0161t\u00ed rok.<\/p>\n<p><em>Mgr. K. Podhorsk\u00e1<\/em><\/p>\n<p><img loading=\"lazy\" decoding=\"async\" class=\"alignnone size-full wp-image-128310\" src=\"https:\/\/www.zsben.cz\/wordpress\/wp-content\/uploads\/2025\/06\/Prednaska-TV-Nova-MV5-scaled.jpg\" alt=\"\" width=\"2560\" height=\"1920\" srcset=\"https:\/\/www.zsben.cz\/wordpress\/wp-content\/uploads\/2025\/06\/Prednaska-TV-Nova-MV5-scaled.jpg 2560w, https:\/\/www.zsben.cz\/wordpress\/wp-content\/uploads\/2025\/06\/Prednaska-TV-Nova-MV5-500x375.jpg 500w, https:\/\/www.zsben.cz\/wordpress\/wp-content\/uploads\/2025\/06\/Prednaska-TV-Nova-MV5-1024x768.jpg 1024w, https:\/\/www.zsben.cz\/wordpress\/wp-content\/uploads\/2025\/06\/Prednaska-TV-Nova-MV5-150x113.jpg 150w, https:\/\/www.zsben.cz\/wordpress\/wp-content\/uploads\/2025\/06\/Prednaska-TV-Nova-MV5-768x576.jpg 768w, https:\/\/www.zsben.cz\/wordpress\/wp-content\/uploads\/2025\/06\/Prednaska-TV-Nova-MV5-1536x1152.jpg 1536w, https:\/\/www.zsben.cz\/wordpress\/wp-content\/uploads\/2025\/06\/Prednaska-TV-Nova-MV5-2048x1536.jpg 2048w\" sizes=\"auto, (max-width: 2560px) 100vw, 2560px\" \/> <img loading=\"lazy\" decoding=\"async\" class=\"alignnone size-full wp-image-128311\" src=\"https:\/\/www.zsben.cz\/wordpress\/wp-content\/uploads\/2025\/06\/Prednaska-TV-Nova-MV2-scaled.jpg\" alt=\"\" width=\"2560\" height=\"1920\" srcset=\"https:\/\/www.zsben.cz\/wordpress\/wp-content\/uploads\/2025\/06\/Prednaska-TV-Nova-MV2-scaled.jpg 2560w, https:\/\/www.zsben.cz\/wordpress\/wp-content\/uploads\/2025\/06\/Prednaska-TV-Nova-MV2-500x375.jpg 500w, https:\/\/www.zsben.cz\/wordpress\/wp-content\/uploads\/2025\/06\/Prednaska-TV-Nova-MV2-1024x768.jpg 1024w, https:\/\/www.zsben.cz\/wordpress\/wp-content\/uploads\/2025\/06\/Prednaska-TV-Nova-MV2-150x113.jpg 150w, https:\/\/www.zsben.cz\/wordpress\/wp-content\/uploads\/2025\/06\/Prednaska-TV-Nova-MV2-768x576.jpg 768w, https:\/\/www.zsben.cz\/wordpress\/wp-content\/uploads\/2025\/06\/Prednaska-TV-Nova-MV2-1536x1152.jpg 1536w, https:\/\/www.zsben.cz\/wordpress\/wp-content\/uploads\/2025\/06\/Prednaska-TV-Nova-MV2-2048x1536.jpg 2048w\" sizes=\"auto, (max-width: 2560px) 100vw, 2560px\" \/> <img loading=\"lazy\" decoding=\"async\" class=\"alignnone size-full wp-image-128312\" src=\"https:\/\/www.zsben.cz\/wordpress\/wp-content\/uploads\/2025\/06\/Prednaska-TV-Nova-MV-scaled.jpg\" alt=\"\" width=\"2560\" height=\"1920\" srcset=\"https:\/\/www.zsben.cz\/wordpress\/wp-content\/uploads\/2025\/06\/Prednaska-TV-Nova-MV-scaled.jpg 2560w, https:\/\/www.zsben.cz\/wordpress\/wp-content\/uploads\/2025\/06\/Prednaska-TV-Nova-MV-500x375.jpg 500w, https:\/\/www.zsben.cz\/wordpress\/wp-content\/uploads\/2025\/06\/Prednaska-TV-Nova-MV-1024x768.jpg 1024w, https:\/\/www.zsben.cz\/wordpress\/wp-content\/uploads\/2025\/06\/Prednaska-TV-Nova-MV-150x113.jpg 150w, https:\/\/www.zsben.cz\/wordpress\/wp-content\/uploads\/2025\/06\/Prednaska-TV-Nova-MV-768x576.jpg 768w, https:\/\/www.zsben.cz\/wordpress\/wp-content\/uploads\/2025\/06\/Prednaska-TV-Nova-MV-1536x1152.jpg 1536w, https:\/\/www.zsben.cz\/wordpress\/wp-content\/uploads\/2025\/06\/Prednaska-TV-Nova-MV-2048x1536.jpg 2048w\" sizes=\"auto, (max-width: 2560px) 100vw, 2560px\" \/><\/p>\n<p>&nbsp;<\/p>\n<div class=\"fcbkbttn_buttons_block\" id=\"fcbkbttn_left\"><div class=\"fcbkbttn_like \"><div class=\"fb-like fb-like-button_count\" data-href=\"https:\/\/www.zsben.cz\/wordpress\/?p=128309\" data-colorscheme=\"light\" data-layout=\"button_count\" data-action=\"like\"  data-size=\"small\"><\/div><\/div><div class=\"fb-share-button  \" data-href=\"https:\/\/www.zsben.cz\/wordpress\/?p=128309\" data-type=\"button_count\" data-size=\"small\"><\/div><\/div>","protected":false},"excerpt":{"rendered":"<p>Leto\u0161n\u00ed rok byl v Medi\u00e1ln\u00ed v\u00fdchov\u011b pln\u00fd projekt\u016f i nov\u00fdch poznatk\u016f. \u0160est\u00e9 t\u0159\u00eddy maj\u00ed za sebou projekty \u201eNovin\u00e1\u0159\u201c, ve kter\u00e9m vytv\u00e1\u0159ely rozhovory, ankety a \u010dl\u00e1nky a \u201eNebezpe\u010d\u00ed online her\u201c, kdy se zhostily \u00falohy u\u010ditel\u016f sv\u00fdch vrstevn\u00edk\u016f z ro\u010dn\u00edku. Sedm\u00e1ci zase nato\u010dili sout\u011b\u017en\u00ed vlogy pro MAP Pos\u00e1zav\u00ed, za kter\u00e9 byli tak\u00e9 ocen\u011bni, ud\u011blali p\u0159edn\u00e1\u0161ku s workshopy [&hellip;]<\/p>\n","protected":false},"author":42,"featured_media":0,"comment_status":"closed","ping_status":"closed","sticky":false,"template":"","format":"standard","meta":{"ngg_post_thumbnail":0,"footnotes":""},"categories":[1],"tags":[],"class_list":["post-128309","post","type-post","status-publish","format-standard","hentry","category-aktuality"],"_links":{"self":[{"href":"https:\/\/www.zsben.cz\/wordpress\/index.php?rest_route=\/wp\/v2\/posts\/128309","targetHints":{"allow":["GET"]}}],"collection":[{"href":"https:\/\/www.zsben.cz\/wordpress\/index.php?rest_route=\/wp\/v2\/posts"}],"about":[{"href":"https:\/\/www.zsben.cz\/wordpress\/index.php?rest_route=\/wp\/v2\/types\/post"}],"author":[{"embeddable":true,"href":"https:\/\/www.zsben.cz\/wordpress\/index.php?rest_route=\/wp\/v2\/users\/42"}],"replies":[{"embeddable":true,"href":"https:\/\/www.zsben.cz\/wordpress\/index.php?rest_route=%2Fwp%2Fv2%2Fcomments&post=128309"}],"version-history":[{"count":3,"href":"https:\/\/www.zsben.cz\/wordpress\/index.php?rest_route=\/wp\/v2\/posts\/128309\/revisions"}],"predecessor-version":[{"id":128448,"href":"https:\/\/www.zsben.cz\/wordpress\/index.php?rest_route=\/wp\/v2\/posts\/128309\/revisions\/128448"}],"wp:attachment":[{"href":"https:\/\/www.zsben.cz\/wordpress\/index.php?rest_route=%2Fwp%2Fv2%2Fmedia&parent=128309"}],"wp:term":[{"taxonomy":"category","embeddable":true,"href":"https:\/\/www.zsben.cz\/wordpress\/index.php?rest_route=%2Fwp%2Fv2%2Fcategories&post=128309"},{"taxonomy":"post_tag","embeddable":true,"href":"https:\/\/www.zsben.cz\/wordpress\/index.php?rest_route=%2Fwp%2Fv2%2Ftags&post=128309"}],"curies":[{"name":"wp","href":"https:\/\/api.w.org\/{rel}","templated":true}]}}