{"id":127836,"date":"2025-06-13T07:22:41","date_gmt":"2025-06-13T05:22:41","guid":{"rendered":"https:\/\/www.zsben.cz\/wordpress\/?p=127836"},"modified":"2025-06-13T07:22:41","modified_gmt":"2025-06-13T05:22:41","slug":"prvnacci-v-taborske-zoo","status":"publish","type":"post","link":"https:\/\/www.zsben.cz\/wordpress\/?p=127836","title":{"rendered":"Prv\u0148\u00e1\u010dci v t\u00e1borsk\u00e9 ZOO"},"content":{"rendered":"<p>Na\u0161i prv\u0148\u00e1\u010dci se vydali na v\u00fdlet do ZOO T\u00e1bor, kde na n\u011b \u010dekala spousta zv\u00ed\u0159ec\u00edch z\u00e1\u017eitk\u016f. Mil\u00e1 sle\u010dna o\u0161et\u0159ovatelka n\u00e1m poutav\u011b vypr\u00e1v\u011bla o medv\u011bdech, b\u00edl\u00fdch lvech, da\u0148c\u00edch, b\u00edl\u00fdch klokanech i vlc\u00edch. Velkou pozornost si ale z\u00edskal p\u00e1v Dan, kter\u00fd n\u00e1s hlasit\u011b p\u0159iv\u00edtal, a tak\u00e9 medv\u011bd Max, kter\u00fd se rozh\u00fdbal teprve ve chv\u00edli, kdy dostal obl\u00edben\u00e9 jablko.<\/p>\n<p>Po\u010das\u00ed n\u00e1m kr\u00e1sn\u011b p\u0159\u00e1lo, v\u0161ichni jsme si v\u00fdlet u\u017eili a u\u017e te\u010f se t\u011b\u0161\u00edme na dal\u0161\u00ed spole\u010dn\u00e1 dobrodru\u017estv\u00ed.<\/p>\n<p>T\u0159\u00eddn\u00ed u\u010ditelky 1. t\u0159\u00edd<\/p>\nngg_shortcode_0_placeholder\n<div class=\"fcbkbttn_buttons_block\" id=\"fcbkbttn_left\"><div class=\"fcbkbttn_like \"><div class=\"fb-like fb-like-button_count\" data-href=\"https:\/\/www.zsben.cz\/wordpress\/?p=127836\" data-colorscheme=\"light\" data-layout=\"button_count\" data-action=\"like\"  data-size=\"small\"><\/div><\/div><div class=\"fb-share-button  \" data-href=\"https:\/\/www.zsben.cz\/wordpress\/?p=127836\" data-type=\"button_count\" data-size=\"small\"><\/div><\/div>","protected":false},"excerpt":{"rendered":"<p>Na\u0161i prv\u0148\u00e1\u010dci se vydali na v\u00fdlet do ZOO T\u00e1bor, kde na n\u011b \u010dekala spousta zv\u00ed\u0159ec\u00edch z\u00e1\u017eitk\u016f. Mil\u00e1 sle\u010dna o\u0161et\u0159ovatelka n\u00e1m poutav\u011b vypr\u00e1v\u011bla o medv\u011bdech, b\u00edl\u00fdch lvech, da\u0148c\u00edch, b\u00edl\u00fdch klokanech i vlc\u00edch. Velkou pozornost si ale z\u00edskal p\u00e1v Dan, kter\u00fd n\u00e1s hlasit\u011b p\u0159iv\u00edtal, a tak\u00e9 medv\u011bd Max, kter\u00fd se rozh\u00fdbal teprve ve chv\u00edli, kdy dostal obl\u00edben\u00e9 [&hellip;]<\/p>\n","protected":false},"author":43,"featured_media":0,"comment_status":"closed","ping_status":"closed","sticky":false,"template":"","format":"standard","meta":{"ngg_post_thumbnail":0,"footnotes":""},"categories":[1],"tags":[],"class_list":["post-127836","post","type-post","status-publish","format-standard","hentry","category-aktuality"],"_links":{"self":[{"href":"https:\/\/www.zsben.cz\/wordpress\/index.php?rest_route=\/wp\/v2\/posts\/127836","targetHints":{"allow":["GET"]}}],"collection":[{"href":"https:\/\/www.zsben.cz\/wordpress\/index.php?rest_route=\/wp\/v2\/posts"}],"about":[{"href":"https:\/\/www.zsben.cz\/wordpress\/index.php?rest_route=\/wp\/v2\/types\/post"}],"author":[{"embeddable":true,"href":"https:\/\/www.zsben.cz\/wordpress\/index.php?rest_route=\/wp\/v2\/users\/43"}],"replies":[{"embeddable":true,"href":"https:\/\/www.zsben.cz\/wordpress\/index.php?rest_route=%2Fwp%2Fv2%2Fcomments&post=127836"}],"version-history":[{"count":2,"href":"https:\/\/www.zsben.cz\/wordpress\/index.php?rest_route=\/wp\/v2\/posts\/127836\/revisions"}],"predecessor-version":[{"id":127838,"href":"https:\/\/www.zsben.cz\/wordpress\/index.php?rest_route=\/wp\/v2\/posts\/127836\/revisions\/127838"}],"wp:attachment":[{"href":"https:\/\/www.zsben.cz\/wordpress\/index.php?rest_route=%2Fwp%2Fv2%2Fmedia&parent=127836"}],"wp:term":[{"taxonomy":"category","embeddable":true,"href":"https:\/\/www.zsben.cz\/wordpress\/index.php?rest_route=%2Fwp%2Fv2%2Fcategories&post=127836"},{"taxonomy":"post_tag","embeddable":true,"href":"https:\/\/www.zsben.cz\/wordpress\/index.php?rest_route=%2Fwp%2Fv2%2Ftags&post=127836"}],"curies":[{"name":"wp","href":"https:\/\/api.w.org\/{rel}","templated":true}]}}