{"id":120,"date":"2008-05-14T13:25:27","date_gmt":"2008-05-14T12:25:27","guid":{"rendered":"http:\/\/www.zsben.cz\/wordpress\/?p=120"},"modified":"2008-05-14T13:27:27","modified_gmt":"2008-05-14T12:27:27","slug":"vitani-obcanku","status":"publish","type":"post","link":"https:\/\/www.zsben.cz\/wordpress\/?p=120","title":{"rendered":"V\u00edt\u00e1n\u00ed ob\u010d\u00e1nk\u016f"},"content":{"rendered":"<p><a target=\"_top\" href=\"http:\/\/www.zsben.cz\/nove\/akce.php?id=2007-2008\/obcanci\"><img loading=\"lazy\" decoding=\"async\" border=\"0\" align=\"right\" width=\"466\" src=\"http:\/\/www.zsben.cz\/akce\/2007-2008\/obcanci\/photos\/P1020421.JPG\" alt=\"V\u00edt\u00e1n\u00ed ob\u010d\u00e1nk\u016f\" height=\"350\" style=\"width: 395px; height: 284px\" \/><\/a>\u0160est\u00fd rok trv\u00e1 spolupr\u00e1ce mezi Z\u0160 Bene\u0161ov, Dukelsk\u00e1 a M\u011bstsk\u00fdm \u00fa\u0159adem v Bene\u0161ov\u011b. \u017d\u00e1ci na\u0161\u00ed \u0161koly ji\u017e \u0161est let v\u017edy na ja\u0159e a na podzim p\u0159ipravuj\u00ed program k ob\u0159adu v\u00edt\u00e1n\u00ed nov\u00fdch ob\u010d\u00e1nk\u016f m\u011bsta Bene\u0161ova.<\/p>\n<p>P\u016fvabn\u00e9 ver\u0161e, mil\u00e9 p\u00edsni\u010dky a p\u0159irozen\u00fd projev d\u011bt\u00ed jsou v\u017edy dojemn\u00fdm dopln\u011bn\u00edm tohoto slavnostn\u00edho ob\u0159adu.<\/p>\n<p>V leto\u0161n\u00edm kalend\u00e1\u0159n\u00edm roce v\u00edtaj\u00ed ob\u010d\u00e1nky Marie, Jan a Vojt\u011bch Pavl\u00ed\u010dkovi, RAdek Cudl\u00edn a zuzana Bal\u00edkov\u00e1 z 1. A.<\/p>\n<p align=\"right\">PaedDr. Ivana Pallov\u00e1<\/p>\n<div class=\"fcbkbttn_buttons_block\" id=\"fcbkbttn_left\"><div class=\"fcbkbttn_like \"><div class=\"fb-like fb-like-button_count\" data-href=\"https:\/\/www.zsben.cz\/wordpress\/?p=120\" data-colorscheme=\"light\" data-layout=\"button_count\" data-action=\"like\"  data-size=\"small\"><\/div><\/div><div class=\"fb-share-button  \" data-href=\"https:\/\/www.zsben.cz\/wordpress\/?p=120\" data-type=\"button_count\" data-size=\"small\"><\/div><\/div>","protected":false},"excerpt":{"rendered":"<p>\u0160est\u00fd rok trv\u00e1 spolupr\u00e1ce mezi Z\u0160 Bene\u0161ov, Dukelsk\u00e1 a M\u011bstsk\u00fdm \u00fa\u0159adem v Bene\u0161ov\u011b. \u017d\u00e1ci na\u0161\u00ed \u0161koly ji\u017e \u0161est let v\u017edy na ja\u0159e a na podzim p\u0159ipravuj\u00ed program k ob\u0159adu v\u00edt\u00e1n\u00ed nov\u00fdch ob\u010d\u00e1nk\u016f m\u011bsta Bene\u0161ova. P\u016fvabn\u00e9 ver\u0161e, mil\u00e9 p\u00edsni\u010dky a p\u0159irozen\u00fd projev d\u011bt\u00ed jsou v\u017edy dojemn\u00fdm dopln\u011bn\u00edm tohoto slavnostn\u00edho ob\u0159adu. V leto\u0161n\u00edm kalend\u00e1\u0159n\u00edm roce v\u00edtaj\u00ed ob\u010d\u00e1nky [&hellip;]<\/p>\n","protected":false},"author":1,"featured_media":0,"comment_status":"closed","ping_status":"closed","sticky":false,"template":"","format":"standard","meta":{"ngg_post_thumbnail":0,"footnotes":""},"categories":[1],"tags":[],"class_list":["post-120","post","type-post","status-publish","format-standard","hentry","category-aktuality"],"_links":{"self":[{"href":"https:\/\/www.zsben.cz\/wordpress\/index.php?rest_route=\/wp\/v2\/posts\/120","targetHints":{"allow":["GET"]}}],"collection":[{"href":"https:\/\/www.zsben.cz\/wordpress\/index.php?rest_route=\/wp\/v2\/posts"}],"about":[{"href":"https:\/\/www.zsben.cz\/wordpress\/index.php?rest_route=\/wp\/v2\/types\/post"}],"author":[{"embeddable":true,"href":"https:\/\/www.zsben.cz\/wordpress\/index.php?rest_route=\/wp\/v2\/users\/1"}],"replies":[{"embeddable":true,"href":"https:\/\/www.zsben.cz\/wordpress\/index.php?rest_route=%2Fwp%2Fv2%2Fcomments&post=120"}],"version-history":[{"count":0,"href":"https:\/\/www.zsben.cz\/wordpress\/index.php?rest_route=\/wp\/v2\/posts\/120\/revisions"}],"wp:attachment":[{"href":"https:\/\/www.zsben.cz\/wordpress\/index.php?rest_route=%2Fwp%2Fv2%2Fmedia&parent=120"}],"wp:term":[{"taxonomy":"category","embeddable":true,"href":"https:\/\/www.zsben.cz\/wordpress\/index.php?rest_route=%2Fwp%2Fv2%2Fcategories&post=120"},{"taxonomy":"post_tag","embeddable":true,"href":"https:\/\/www.zsben.cz\/wordpress\/index.php?rest_route=%2Fwp%2Fv2%2Ftags&post=120"}],"curies":[{"name":"wp","href":"https:\/\/api.w.org\/{rel}","templated":true}]}}