{"id":118536,"date":"2024-09-28T10:47:53","date_gmt":"2024-09-28T08:47:53","guid":{"rendered":"https:\/\/www.zsben.cz\/wordpress\/?p=118536"},"modified":"2024-09-28T10:51:44","modified_gmt":"2024-09-28T08:51:44","slug":"ctvrtaci-v-hulicich","status":"publish","type":"post","link":"https:\/\/www.zsben.cz\/wordpress\/?p=118536","title":{"rendered":"\u010ctvr\u0165\u00e1ci ve Vodn\u00edm dom\u011b"},"content":{"rendered":"<p>Tepl\u00e9 a slune\u010dn\u00e9 z\u00e1\u0159ijov\u00e9 po\u010das\u00ed p\u0159\u00e1lo \u010dtvr\u0165\u00e1k\u016fm, kdy\u017e vyrazili na exkurzi do Vodn\u00edho domu v Hulic\u00edch.<\/p>\n<p>Nejprve se spolu s lektorkou p\u0159\u00edmo v re\u00e1lu sezn\u00e1mili se spole\u010denstv\u00edm U rybn\u00edka. Prakticky si mohli vyzkou\u0161et b\u00e1d\u00e1n\u00ed v p\u0159\u00edrodn\u00ed lokalit\u011b.<\/p>\n<p>Ve druh\u00e9 \u010d\u00e1sti programu si prohl\u00e9dli a vyzkou\u0161eli interaktivn\u00ed expozici k t\u00e9matu Voda ve vnit\u0159n\u00edch prostor\u00e1ch.<\/p>\n<p>A z\u00e1v\u011br dne pat\u0159il d\u00edky p\u011bkn\u00e9mu po\u010das\u00ed vodn\u00edm radov\u00e1nk\u00e1m.<\/p>\n<p>Text a foto: p.u\u010ditelky 4.ro\u010dn\u00edku<\/p>\nngg_shortcode_0_placeholder\n<div class=\"fcbkbttn_buttons_block\" id=\"fcbkbttn_left\"><div class=\"fcbkbttn_like \"><div class=\"fb-like fb-like-button_count\" data-href=\"https:\/\/www.zsben.cz\/wordpress\/?p=118536\" data-colorscheme=\"light\" data-layout=\"button_count\" data-action=\"like\"  data-size=\"small\"><\/div><\/div><div class=\"fb-share-button  \" data-href=\"https:\/\/www.zsben.cz\/wordpress\/?p=118536\" data-type=\"button_count\" data-size=\"small\"><\/div><\/div>","protected":false},"excerpt":{"rendered":"<p>Tepl\u00e9 a slune\u010dn\u00e9 z\u00e1\u0159ijov\u00e9 po\u010das\u00ed p\u0159\u00e1lo \u010dtvr\u0165\u00e1k\u016fm, kdy\u017e vyrazili na exkurzi do Vodn\u00edho domu v Hulic\u00edch. Nejprve se spolu s lektorkou p\u0159\u00edmo v re\u00e1lu sezn\u00e1mili se spole\u010denstv\u00edm U rybn\u00edka. Prakticky si mohli vyzkou\u0161et b\u00e1d\u00e1n\u00ed v p\u0159\u00edrodn\u00ed lokalit\u011b. Ve druh\u00e9 \u010d\u00e1sti programu si prohl\u00e9dli a vyzkou\u0161eli interaktivn\u00ed expozici k t\u00e9matu Voda ve vnit\u0159n\u00edch prostor\u00e1ch. A z\u00e1v\u011br [&hellip;]<\/p>\n","protected":false},"author":15,"featured_media":0,"comment_status":"closed","ping_status":"closed","sticky":false,"template":"","format":"standard","meta":{"ngg_post_thumbnail":0,"footnotes":""},"categories":[1],"tags":[],"class_list":["post-118536","post","type-post","status-publish","format-standard","hentry","category-aktuality"],"_links":{"self":[{"href":"https:\/\/www.zsben.cz\/wordpress\/index.php?rest_route=\/wp\/v2\/posts\/118536","targetHints":{"allow":["GET"]}}],"collection":[{"href":"https:\/\/www.zsben.cz\/wordpress\/index.php?rest_route=\/wp\/v2\/posts"}],"about":[{"href":"https:\/\/www.zsben.cz\/wordpress\/index.php?rest_route=\/wp\/v2\/types\/post"}],"author":[{"embeddable":true,"href":"https:\/\/www.zsben.cz\/wordpress\/index.php?rest_route=\/wp\/v2\/users\/15"}],"replies":[{"embeddable":true,"href":"https:\/\/www.zsben.cz\/wordpress\/index.php?rest_route=%2Fwp%2Fv2%2Fcomments&post=118536"}],"version-history":[{"count":5,"href":"https:\/\/www.zsben.cz\/wordpress\/index.php?rest_route=\/wp\/v2\/posts\/118536\/revisions"}],"predecessor-version":[{"id":118578,"href":"https:\/\/www.zsben.cz\/wordpress\/index.php?rest_route=\/wp\/v2\/posts\/118536\/revisions\/118578"}],"wp:attachment":[{"href":"https:\/\/www.zsben.cz\/wordpress\/index.php?rest_route=%2Fwp%2Fv2%2Fmedia&parent=118536"}],"wp:term":[{"taxonomy":"category","embeddable":true,"href":"https:\/\/www.zsben.cz\/wordpress\/index.php?rest_route=%2Fwp%2Fv2%2Fcategories&post=118536"},{"taxonomy":"post_tag","embeddable":true,"href":"https:\/\/www.zsben.cz\/wordpress\/index.php?rest_route=%2Fwp%2Fv2%2Ftags&post=118536"}],"curies":[{"name":"wp","href":"https:\/\/api.w.org\/{rel}","templated":true}]}}