{"id":117909,"date":"2024-09-10T21:19:04","date_gmt":"2024-09-10T19:19:04","guid":{"rendered":"https:\/\/www.zsben.cz\/wordpress\/?p=117909"},"modified":"2024-09-10T21:19:38","modified_gmt":"2024-09-10T19:19:38","slug":"dobronice-etapa-2-hrady-a-zamky","status":"publish","type":"post","link":"https:\/\/www.zsben.cz\/wordpress\/?p=117909","title":{"rendered":"Dobronice &#8211; etapa 2 &#8211; hrady a z\u00e1mky"},"content":{"rendered":"<p>Po\u010das\u00ed se umoud\u0159ilo, teplota na kolo p\u0159ijateln\u00e1, v\u00edtr foukal n\u011bkdy dost, slun\u00ed\u010dko jsme vid\u011bli a d\u00e9\u0161\u0165 se n\u00e1m vyhnul.&nbsp;<\/p>\n<p>Dne\u0161n\u00ed den jsme pojali cyklisticky s kulturn\u011b vzd\u011bl\u00e1vac\u00edm programem \ud83d\ude42&nbsp;<\/p>\n<p>Jedna skupina borc\u016f a borky\u0148 vyrazila a dojela na Hlubokou. Druh\u00e1 skupina vyrazila a dojela na Zv\u00edkov.<\/p>\n<p>A ti, kte\u0159\u00ed si troufli se dokonce pod\u00edvali a\u017e do \u010cesk\u00fdch Bud\u011bjovic.&nbsp;<\/p>\n<p>Zeptejte se doma d\u011bt\u00ed, co si pamatuj\u00ed z informa\u010dn\u00edch cedul\u00ed, kter\u00e9 si na hrad\u011b Zv\u00edkov a z\u00e1mku Hlubok\u00e1 p\u0159e\u010detly \ud83d\ude42&nbsp;<\/p>\n<p>Co asi ale nezapomenou je, jak\u00e9 dobroty si daly k ob\u011bdu \ud83d\ude42&nbsp;<\/p>\n<p>Dne\u0161n\u00ed den byl sice n\u00e1ro\u010dn\u00fd, ale velmi pohodov\u00fd, pln\u00fd z\u00e1\u017eitk\u016f a dobr\u00e9 n\u00e1lady.&nbsp;<\/p>\nngg_shortcode_0_placeholder\n<div class=\"fcbkbttn_buttons_block\" id=\"fcbkbttn_left\"><div class=\"fcbkbttn_like \"><div class=\"fb-like fb-like-button_count\" data-href=\"https:\/\/www.zsben.cz\/wordpress\/?p=117909\" data-colorscheme=\"light\" data-layout=\"button_count\" data-action=\"like\"  data-size=\"small\"><\/div><\/div><div class=\"fb-share-button  \" data-href=\"https:\/\/www.zsben.cz\/wordpress\/?p=117909\" data-type=\"button_count\" data-size=\"small\"><\/div><\/div>","protected":false},"excerpt":{"rendered":"<p>Po\u010das\u00ed se umoud\u0159ilo, teplota na kolo p\u0159ijateln\u00e1, v\u00edtr foukal n\u011bkdy dost, slun\u00ed\u010dko jsme vid\u011bli a d\u00e9\u0161\u0165 se n\u00e1m vyhnul.&nbsp; Dne\u0161n\u00ed den jsme pojali cyklisticky s kulturn\u011b vzd\u011bl\u00e1vac\u00edm programem \ud83d\ude42&nbsp; Jedna skupina borc\u016f a borky\u0148 vyrazila a dojela na Hlubokou. Druh\u00e1 skupina vyrazila a dojela na Zv\u00edkov. A ti, kte\u0159\u00ed si troufli se dokonce pod\u00edvali a\u017e [&hellip;]<\/p>\n","protected":false},"author":4,"featured_media":0,"comment_status":"closed","ping_status":"closed","sticky":false,"template":"","format":"standard","meta":{"ngg_post_thumbnail":0,"footnotes":""},"categories":[1,10],"tags":[],"class_list":["post-117909","post","type-post","status-publish","format-standard","hentry","category-aktuality","category-telocvik"],"_links":{"self":[{"href":"https:\/\/www.zsben.cz\/wordpress\/index.php?rest_route=\/wp\/v2\/posts\/117909","targetHints":{"allow":["GET"]}}],"collection":[{"href":"https:\/\/www.zsben.cz\/wordpress\/index.php?rest_route=\/wp\/v2\/posts"}],"about":[{"href":"https:\/\/www.zsben.cz\/wordpress\/index.php?rest_route=\/wp\/v2\/types\/post"}],"author":[{"embeddable":true,"href":"https:\/\/www.zsben.cz\/wordpress\/index.php?rest_route=\/wp\/v2\/users\/4"}],"replies":[{"embeddable":true,"href":"https:\/\/www.zsben.cz\/wordpress\/index.php?rest_route=%2Fwp%2Fv2%2Fcomments&post=117909"}],"version-history":[{"count":2,"href":"https:\/\/www.zsben.cz\/wordpress\/index.php?rest_route=\/wp\/v2\/posts\/117909\/revisions"}],"predecessor-version":[{"id":118001,"href":"https:\/\/www.zsben.cz\/wordpress\/index.php?rest_route=\/wp\/v2\/posts\/117909\/revisions\/118001"}],"wp:attachment":[{"href":"https:\/\/www.zsben.cz\/wordpress\/index.php?rest_route=%2Fwp%2Fv2%2Fmedia&parent=117909"}],"wp:term":[{"taxonomy":"category","embeddable":true,"href":"https:\/\/www.zsben.cz\/wordpress\/index.php?rest_route=%2Fwp%2Fv2%2Fcategories&post=117909"},{"taxonomy":"post_tag","embeddable":true,"href":"https:\/\/www.zsben.cz\/wordpress\/index.php?rest_route=%2Fwp%2Fv2%2Ftags&post=117909"}],"curies":[{"name":"wp","href":"https:\/\/api.w.org\/{rel}","templated":true}]}}