{"id":1178,"date":"2009-11-04T11:13:37","date_gmt":"2009-11-04T10:13:37","guid":{"rendered":"http:\/\/www.zsben.cz\/wordpress\/?p=1178"},"modified":"2009-11-04T22:26:34","modified_gmt":"2009-11-04T21:26:34","slug":"prijimaci-rizeni-ve-skolnim-roce-20092010","status":"publish","type":"post","link":"https:\/\/www.zsben.cz\/wordpress\/?p=1178","title":{"rendered":"P\u0159ij\u00edmac\u00ed \u0159\u00edzen\u00ed ve \u0161koln\u00edm roce 2009\/2010"},"content":{"rendered":"<h1><span style=\"font-size: medium\">P\u0158IJ\u00cdMAC\u00cd \u00a0\u00a0\u0158\u00cdZEN\u00cd\u00a0 VE\u00a0 \u0160KOLN\u00cdM\u00a0 ROCE\u00a0 2009\/2010<\/span><\/h1>\n<p><strong>\u00a0<\/strong><\/p>\n<h2>Z\u00e1\u0159\u00ed<\/h2>\n<p><strong>1.\u00a0\u00a0\u00a0 <\/strong><strong>Vypln\u011bn\u00ed dotazn\u00edku o p\u0159edb\u011b\u017en\u00e9m z\u00e1jmu<\/strong><\/p>\n<p><strong>2.\u00a0\u00a0\u00a0 <\/strong><strong>Mo\u017enost se p\u0159ihl\u00e1sit na vykon\u00e1n\u00ed \u0161et\u0159en\u00ed profesn\u00ed orientace\u00a0 <\/strong><strong>PPP Bene\u0161ov<\/strong><\/p>\n<h2>\u00a0\u0158\u00edjen<\/h2>\n<p><strong>\u00a0<\/strong><strong>1.\u00a0\u00a0\u00a0 <\/strong><strong>Odesl\u00e1n\u00ed \u017e\u00e1dost\u00ed o \u0161et\u0159en\u00ed profesn\u00ed orientace PPP Bene\u0161ov<\/strong><\/p>\n<p><strong>2.\u00a0\u00a0\u00a0 <\/strong><strong>Z\u00edsk\u00e1v\u00e1n\u00ed v\u0161ech dostupn\u00fdch informac\u00edch o \u0161kol\u00e1ch <\/strong><strong>(VP, \u00da\u0159ad pr\u00e1ce, let\u00e1ky, bro\u017eury, Internet,..)<\/strong><\/p>\n<p><strong>3.\u00a0\u00a0\u00a0 <\/strong><strong>Vyd\u00e1n\u00ed p\u0159ihl\u00e1\u0161ek ke studiu v\u00a0um\u011bleck\u00fdch oborech<\/strong><\/p>\n<p><strong>4.\u00a0 Do 30. 10. 2009 vyd\u00e1 \u0159editel st\u0159edn\u00ed \u0161koly pro obory <\/strong><strong>\u00a0s\u00a0talentovou zkou\u0161kou rozhodnut\u00ed o :<\/strong><\/p>\n<p><strong>\u00a0\u00a0\u00a0\u00a0\u00a0\u00a0\u00a0\u00a0\u00a0 &#8211;\u00a0\u00a0 kon\u00e1n\u00ed p\u0159ij\u00edmac\u00ed zkou\u0161ky<\/strong><\/p>\n<p><strong>\u00a0\u00a0\u00a0\u00a0\u00a0\u00a0\u00a0\u00a0\u00a0 &#8211; \u00a0\u00a0term\u00ednech kon\u00e1n\u00ed p\u0159ij\u00edmac\u00ed talentov\u00e9 zkou\u0161ky<\/strong><\/p>\n<p>\u00a0\u00a0 \u00a0\u00a0\u00a0\u00a0\u00a0\u00a0 &#8211; \u00a0<strong>stanoven\u00fdch jednotliv\u00fdch krit\u00e9ri\u00edch<\/strong><\/p>\n<p>\u00a0 \u00a0\u00a0\u00a0\u00a0\u00a0 \u00a0\u00a0&#8211;\u00a0 <strong>p\u0159edpokl\u00e1dan\u00e9m po\u010dtu p\u0159ij\u00edman\u00fdch uchaze\u010d\u016f<\/strong><\/p>\n<p><strong>\u00a0\u00a0\u00a0\u00a0\u00a0\u00a0\u00a0\u00a0\u00a0\u00a0 \u00a0\u00a0 pro prvn\u00ed kolo p\u0159ij\u00edmac\u00edho \u0159\u00edzen\u00ed (na www str\u00e1nk\u00e1ch dan\u00e9\u00a0<\/strong><strong>\u00a0 st\u0159edn\u00ed \u0161koly)<\/strong><\/p>\n<h2>\u00a0Listopad<\/h2>\n<p><strong>\u00a0<\/strong><strong>1.\u00a0\u00a0\u00a0 <\/strong><strong>N\u00e1v\u0161t\u011bva P\u0159ehl\u00eddky \u0161kol okresu Bene\u0161ov \u2013 KC Karlov<\/strong><\/p>\n<p><strong><span style=\"text-decoration: underline;\">11. a<\/span><\/strong><strong><span style=\"text-decoration: underline;\"> 12. listopadu 2009 od 9 do 16 hodin<\/span><\/strong><\/p>\n<p><strong>2.\u00a0\u00a0\u00a0 <\/strong><strong>Dny otev\u0159en\u00fdch dve\u0159\u00ed v\u00a0jednotliv\u00fdch st\u0159edn\u00edch \u0161kol\u00e1ch<\/strong><\/p>\n<p><strong>3.\u00a0\u00a0\u00a0 <\/strong><strong>Odevzd\u00e1n\u00ed p\u0159ihl\u00e1\u0161ek ke studiu v\u00a0oborech s\u00a0talentovou zkou\u0161kou a konzervato\u0159\u00edch do 15. 11. 2009<\/strong><\/p>\n<p><strong>4.\u00a0\u00a0\u00a0 <\/strong><strong>Odesl\u00e1n\u00ed p\u0159ihl\u00e1\u0161ek do \u0161kol s\u00a0um\u011bleck\u00fdmi obory do\u00a0 <\/strong><strong>30. 11. 2009<\/strong><\/p>\n<p><strong>5.\u00a0\u00a0 V\u00fdsledky \u0161et\u0159en\u00ed profesn\u00ed orientace PPP Bene\u0161ov<\/strong><\/p>\n<h2>\u00a0Prosinec<\/h2>\n<p><strong>\u00a0<\/strong><strong>1.\u00a0\u00a0\u00a0 <\/strong><strong>Dny otev\u0159en\u00fdch dve\u0159\u00ed v\u00a0jednotliv\u00fdch st\u0159edn\u00edch \u0161kol\u00e1ch<\/strong><\/p>\n<p><strong>2.\u00a0\u00a0\u00a0 <\/strong><strong>Vyd\u00e1n\u00ed p\u0159ihl\u00e1\u0161ek na S\u0160 rodi\u010d\u016fm vych\u00e1zej\u00edc\u00edch \u017e\u00e1k\u016f, <\/strong><strong>informace o zp\u016fsobu jejich vypln\u011bn\u00ed, odevzd\u00e1n\u00ed a o pr\u016fb\u011bhu <\/strong><strong>p\u0159ij\u00edmac\u00edho \u0159\u00edzen\u00ed<\/strong><\/p>\n<h2>\u00a0Leden<\/h2>\n<p><strong>1.\u00a0\u00a0\u00a0 <\/strong><strong>Dny otev\u0159en\u00fdch dve\u0159\u00ed v\u00a0jednotliv\u00fdch st\u0159edn\u00edch \u0161kol\u00e1ch<\/strong><\/p>\n<p><strong>2.\u00a0\u00a0\u00a0 <\/strong><strong>Kontrolov\u00e1n\u00ed vypln\u011bn\u00fdch p\u0159ihl\u00e1\u0161ek<\/strong><\/p>\n<p><strong>3.\u00a0\u00a0\u00a0 <\/strong><strong>Talentov\u00e9 p\u0159ij\u00edmac\u00ed zkou\u0161ky v\u00a0oborech s\u00a0talentovou zkou\u0161kou od 2. do 15. ledna 2010 (den kon\u00e1n\u00ed zkou\u0161ky stanov\u00ed \u0159editel \u0161koly)<\/strong><\/p>\n<p><strong>4.\u00a0\u00a0\u00a0 <\/strong><strong>Talentov\u00e9 zkou\u0161ky v\u00a0konzervato\u0159\u00edch od 15. 1. do 31. 1. 2010\u00a0 <\/strong><strong>v term\u00ednu stanoven\u00e9m \u0159editelem \u0161koly<\/strong><\/p>\n<p><strong>\u00a05.\u00a0 Do 31. 1. 2010 vyd\u00e1 \u0159editel st\u0159edn\u00ed \u0161koly rozhodnut\u00ed o :<\/strong><\/p>\n<p><strong>\u00a0\u00a0\u00a0\u00a0\u00a0\u00a0\u00a0\u00a0\u00a0 &#8211;\u00a0\u00a0 kon\u00e1n\u00ed p\u0159ij\u00edmac\u00ed zkou\u0161ky, pokud o jej\u00edm kon\u00e1n\u00ed v\u00a0r\u00e1mci\u00a0 <\/strong><strong>\u00a0p\u0159ij\u00edmac\u00edho \u0159\u00edzen\u00ed \u0159editel \u0161koly rozhodl<\/strong><\/p>\n<p><strong>\u00a0\u00a0\u00a0\u00a0\u00a0\u00a0\u00a0\u00a0\u00a0 &#8211;\u00a0\u00a0 term\u00ednech kon\u00e1n\u00ed p\u0159ij\u00edmac\u00ed zkou\u0161ky<\/strong><\/p>\n<p>\u00a0\u00a0 \u00a0\u00a0\u00a0\u00a0\u00a0\u00a0\u00a0&#8211;\u00a0 \u00a0<strong>stanoven\u00fdch jednotliv\u00fdch krit\u00e9ri\u00edch<\/strong><\/p>\n<p>\u00a0\u00a0 \u00a0\u00a0\u00a0\u00a0\u00a0\u00a0 &#8211;\u00a0 <strong>p\u0159edpokl\u00e1dan\u00e9m po\u010dtu p\u0159ij\u00edman\u00fdch uchaze\u010d\u016f <\/strong><strong>\u00a0 pro prvn\u00ed kolo p\u0159ij\u00edmac\u00edho \u0159\u00edzen\u00ed (na www str\u00e1nk\u00e1ch dan\u00e9\u00a0 <\/strong><strong>st\u0159edn\u00ed \u0161koly)<\/strong><\/p>\n<h2>\u00a0\u00danor<\/h2>\n<p><strong>\u00a0<\/strong><strong>1.\u00a0\u00a0\u00a0 <\/strong><strong>Vypl\u0148ov\u00e1n\u00ed a odevzd\u00e1v\u00e1n\u00ed p\u0159ihl\u00e1\u0161ek k\u00a0potvrzen\u00ed prosp\u011bchu \u0159editelkou \u0161koly nejpozd\u011bji do 28. 2. 2010<\/strong><\/p>\n<h2>\u00a0B\u0159ezen<\/h2>\n<p><strong>\u00a0<\/strong><strong>1.\u00a0\u00a0\u00a0 <\/strong><strong><span style=\"text-decoration: underline;\">Pod\u00e1n\u00ed p\u0159ihl\u00e1\u0161ek pro prvn\u00ed kolo p\u0159ij\u00edmac\u00edho \u0159\u00edzen\u00ed \u0159editeli p\u0159\u00edslu\u0161n\u00e9 st\u0159edn\u00ed \u0161koly do 15. 3. 2009 z\u00e1konn\u00fdm z\u00e1stupcem \u017e\u00e1ka (nejv\u00fd\u0161e t\u0159i p\u0159ihl\u00e1\u0161ky)<\/span><\/strong><\/p>\n<p><strong>2.\u00a0\u00a0\u00a0 <\/strong><strong>P\u0159\u00edprava na p\u0159ij\u00edmac\u00ed zkou\u0161ky (pokud byly stanoveny)<\/strong><\/p>\n<p><strong>3.\u00a0\u00a0\u00a0 <\/strong><strong>Vyd\u00e1n\u00ed Z\u00e1pisov\u00e9ho l\u00edstku z\u00e1konn\u00fdm z\u00e1stupc\u016fm \u017e\u00e1ka<\/strong><\/p>\n<p><strong>\u00a0\u00a0\u00a0\u00a0 do 15. 3. 2010 (pouze jeden)<\/strong><\/p>\n<h2>\u00a0Duben<\/h2>\n<p><strong><em>\u00a0<\/em><\/strong><strong>1.\u00a0\u00a0\u00a0 <\/strong><strong>l. kolo p\u0159ij\u00edmac\u00edho \u0159\u00edzen\u00ed od\u00a0 22. dubna do 7. kv\u011btna 2010\u00a0 <\/strong><strong>( den kon\u00e1n\u00ed zkou\u0161ky stanov\u00ed \u0159editel \u0161koly)<\/strong><\/p>\n<p><strong>2.\u00a0\u00a0\u00a0 <\/strong><strong>Odevzd\u00e1n\u00ed Z\u00e1pisov\u00e9ho l\u00edstku na st\u0159edn\u00ed \u0161kole v\u00a0n\u00ed\u017e m\u00e1 \u017e\u00e1k\u00a0 <\/strong><strong>\u00famysl se vzd\u011bl\u00e1vat (nejpozd\u011bji do p\u011bti pracovn\u00edch dn\u016f ode\u00a0 <\/strong><\/p>\n<p><strong>\u00a0\u00a0\u00a0\u00a0\u00a0\u00a0\u00a0\u00a0 dne, kdy bylo doru\u010deno\u00a0 rozhodnut\u00ed o p\u0159ijet\u00ed)<\/strong><\/p>\n<p><strong>3.\u00a0\u00a0\u00a0 <\/strong><strong>Kontrola v\u00fdsledk\u016f 1. kola p\u0159ij\u00edmac\u00edho \u0159\u00edzen\u00ed\u00a0 <\/strong><strong>(p\u0159edlo\u017een\u00ed dopisu o v\u00fdsledku VP)<\/strong><\/p>\n<p><strong>4.\u00a0\u00a0\u00a0 <\/strong><strong>Naps\u00e1n\u00ed mo\u017en\u00fdch odvol\u00e1n\u00ed<\/strong><\/p>\n<h2>\u00a0Kv\u011bten<\/h2>\n<p><strong>\u00a0<\/strong><strong>1.\u00a0\u00a0\u00a0 <\/strong><strong>2. kolo p\u0159ij\u00edmac\u00edho \u0159\u00edzen\u00ed\u00a0\u00a0 (pouze pro \u017e\u00e1ky nep\u0159ijat\u00e9 v\u00a01. kole)<\/strong><\/p>\n<p><strong>2.\u00a0\u00a0\u00a0 <\/strong><strong>Kontrola v\u00fdsledk\u016f 2. kola p\u0159ij\u00edmac\u00edho \u0159\u00edzen\u00ed\u00a0 <\/strong><strong>(p\u0159edlo\u017een\u00ed dopisu o v\u00fdsledku VP)<\/strong><\/p>\n<p><strong>3.\u00a0\u00a0\u00a0 <\/strong><strong>Naps\u00e1n\u00ed mo\u017en\u00fdch odvol\u00e1n\u00ed<\/strong><\/p>\n<h2>\u00a0\u010cerven<\/h2>\n<p><strong>\u00a0<\/strong><strong>1.\u00a0\u00a0\u00a0 <\/strong><strong>Z\u00e1v\u011bre\u010dn\u00e9 hodnocen\u00ed<\/strong><\/p>\n<p><strong>\u00a02.\u00a0\u00a0\u00a0 <\/strong><strong>P\u0159ehled o um\u00edst\u011bn\u00ed vych\u00e1zej\u00edc\u00edch \u017e\u00e1k\u016f<\/strong><\/p>\n<div class=\"fcbkbttn_buttons_block\" id=\"fcbkbttn_left\"><div class=\"fcbkbttn_like \"><div class=\"fb-like fb-like-button_count\" data-href=\"https:\/\/www.zsben.cz\/wordpress\/?p=1178\" data-colorscheme=\"light\" data-layout=\"button_count\" data-action=\"like\"  data-size=\"small\"><\/div><\/div><div class=\"fb-share-button  \" data-href=\"https:\/\/www.zsben.cz\/wordpress\/?p=1178\" data-type=\"button_count\" data-size=\"small\"><\/div><\/div>","protected":false},"excerpt":{"rendered":"<p>P\u0158IJ\u00cdMAC\u00cd \u00a0\u00a0\u0158\u00cdZEN\u00cd\u00a0 VE\u00a0 \u0160KOLN\u00cdM\u00a0 ROCE\u00a0 2009\/2010 \u00a0 Z\u00e1\u0159\u00ed 1.\u00a0\u00a0\u00a0 Vypln\u011bn\u00ed dotazn\u00edku o p\u0159edb\u011b\u017en\u00e9m z\u00e1jmu 2.\u00a0\u00a0\u00a0 Mo\u017enost se p\u0159ihl\u00e1sit na vykon\u00e1n\u00ed \u0161et\u0159en\u00ed profesn\u00ed orientace\u00a0 PPP Bene\u0161ov \u00a0\u0158\u00edjen \u00a01.\u00a0\u00a0\u00a0 Odesl\u00e1n\u00ed \u017e\u00e1dost\u00ed o \u0161et\u0159en\u00ed profesn\u00ed orientace PPP Bene\u0161ov 2.\u00a0\u00a0\u00a0 Z\u00edsk\u00e1v\u00e1n\u00ed v\u0161ech dostupn\u00fdch informac\u00edch o \u0161kol\u00e1ch (VP, \u00da\u0159ad pr\u00e1ce, let\u00e1ky, bro\u017eury, Internet,..) 3.\u00a0\u00a0\u00a0 Vyd\u00e1n\u00ed p\u0159ihl\u00e1\u0161ek ke studiu v\u00a0um\u011bleck\u00fdch oborech [&hellip;]<\/p>\n","protected":false},"author":18,"featured_media":0,"comment_status":"closed","ping_status":"closed","sticky":false,"template":"","format":"standard","meta":{"ngg_post_thumbnail":0,"footnotes":""},"categories":[1,2],"tags":[],"class_list":["post-1178","post","type-post","status-publish","format-standard","hentry","category-aktuality","category-vychovny-poradce"],"_links":{"self":[{"href":"https:\/\/www.zsben.cz\/wordpress\/index.php?rest_route=\/wp\/v2\/posts\/1178","targetHints":{"allow":["GET"]}}],"collection":[{"href":"https:\/\/www.zsben.cz\/wordpress\/index.php?rest_route=\/wp\/v2\/posts"}],"about":[{"href":"https:\/\/www.zsben.cz\/wordpress\/index.php?rest_route=\/wp\/v2\/types\/post"}],"author":[{"embeddable":true,"href":"https:\/\/www.zsben.cz\/wordpress\/index.php?rest_route=\/wp\/v2\/users\/18"}],"replies":[{"embeddable":true,"href":"https:\/\/www.zsben.cz\/wordpress\/index.php?rest_route=%2Fwp%2Fv2%2Fcomments&post=1178"}],"version-history":[{"count":8,"href":"https:\/\/www.zsben.cz\/wordpress\/index.php?rest_route=\/wp\/v2\/posts\/1178\/revisions"}],"predecessor-version":[{"id":1185,"href":"https:\/\/www.zsben.cz\/wordpress\/index.php?rest_route=\/wp\/v2\/posts\/1178\/revisions\/1185"}],"wp:attachment":[{"href":"https:\/\/www.zsben.cz\/wordpress\/index.php?rest_route=%2Fwp%2Fv2%2Fmedia&parent=1178"}],"wp:term":[{"taxonomy":"category","embeddable":true,"href":"https:\/\/www.zsben.cz\/wordpress\/index.php?rest_route=%2Fwp%2Fv2%2Fcategories&post=1178"},{"taxonomy":"post_tag","embeddable":true,"href":"https:\/\/www.zsben.cz\/wordpress\/index.php?rest_route=%2Fwp%2Fv2%2Ftags&post=1178"}],"curies":[{"name":"wp","href":"https:\/\/api.w.org\/{rel}","templated":true}]}}