{"id":113828,"date":"2024-04-29T12:58:13","date_gmt":"2024-04-29T10:58:13","guid":{"rendered":"https:\/\/www.zsben.cz\/wordpress\/?p=113828"},"modified":"2024-05-10T13:21:48","modified_gmt":"2024-05-10T11:21:48","slug":"oblastni-finale-mc-donalds-cupu","status":"publish","type":"post","link":"https:\/\/www.zsben.cz\/wordpress\/?p=113828","title":{"rendered":"Oblastn\u00ed fin\u00e1le Mc Donald\u00b4s cupu"},"content":{"rendered":"<p>Ve st\u0159edu 24.4. a ve \u010dtvrtek 25.5. prob\u011bhla oblastn\u00ed kola ve fotbalov\u00e9m Mc Donald\u00b4s cupu. Na\u0161\u00ed \u0161kolu reprezentovaly celkem 3 t\u00fdmy. 2 dru\u017estva bojovala ve st\u0159edu v kategorii 4. a 5. t\u0159\u00edd. T\u00fdm ve slo\u017een\u00ed Jakub \u0160indler, Vojta Tomas, \u0160t\u011bp\u00e1n Barto\u0161, Kry\u0161tof Vaner, Viktor Kladiva, Tom\u00e1\u0161 Starosta, Petr He\u0159m\u00e1nek, Adam Nerad zvl\u00e1dl v\u0161echny z\u00e1pasy bez por\u00e1\u017eky, cel\u00fd turnaj vyhr\u00e1li a postoupili do okresn\u00edho fin\u00e1le do Vla\u0161imi. Ve \u010dtvrtek se poda\u0159ilo celkov\u00fdm \u010dtvrt\u00fdm m\u00edstem vybojovat postup do Vla\u0161imi tak\u00e9 mlad\u0161\u00ed kategorii ( R. Rohl\u00edk, A. Brejla, J. Starosta, J. Huptys, J. Slepi\u010dka, T. Ondrejka. V. Peterka, D. \u0160pidra, M. Micek, M. Mich\u00e1lek, M. M\u00e1lek, J. Pivo\u0148ka, M. Rataj). V\u0161em reprezentant\u016fm d\u011bkujeme a dr\u017e\u00edme palce do dal\u0161\u00edho kola.<\/p>\nngg_shortcode_0_placeholder\n<div class=\"fcbkbttn_buttons_block\" id=\"fcbkbttn_left\"><div class=\"fcbkbttn_like \"><div class=\"fb-like fb-like-button_count\" data-href=\"https:\/\/www.zsben.cz\/wordpress\/?p=113828\" data-colorscheme=\"light\" data-layout=\"button_count\" data-action=\"like\"  data-size=\"small\"><\/div><\/div><div class=\"fb-share-button  \" data-href=\"https:\/\/www.zsben.cz\/wordpress\/?p=113828\" data-type=\"button_count\" data-size=\"small\"><\/div><\/div>","protected":false},"excerpt":{"rendered":"<p>Ve st\u0159edu 24.4. a ve \u010dtvrtek 25.5. prob\u011bhla oblastn\u00ed kola ve fotbalov\u00e9m Mc Donald\u00b4s cupu. Na\u0161\u00ed \u0161kolu reprezentovaly celkem 3 t\u00fdmy. 2 dru\u017estva bojovala ve st\u0159edu v kategorii 4. a 5. t\u0159\u00edd. T\u00fdm ve slo\u017een\u00ed Jakub \u0160indler, Vojta Tomas, \u0160t\u011bp\u00e1n Barto\u0161, Kry\u0161tof Vaner, Viktor Kladiva, Tom\u00e1\u0161 Starosta, Petr He\u0159m\u00e1nek, Adam Nerad zvl\u00e1dl v\u0161echny z\u00e1pasy bez [&hellip;]<\/p>\n","protected":false},"author":43,"featured_media":0,"comment_status":"closed","ping_status":"closed","sticky":false,"template":"","format":"standard","meta":{"ngg_post_thumbnail":0,"footnotes":""},"categories":[1],"tags":[],"class_list":["post-113828","post","type-post","status-publish","format-standard","hentry","category-aktuality"],"_links":{"self":[{"href":"https:\/\/www.zsben.cz\/wordpress\/index.php?rest_route=\/wp\/v2\/posts\/113828","targetHints":{"allow":["GET"]}}],"collection":[{"href":"https:\/\/www.zsben.cz\/wordpress\/index.php?rest_route=\/wp\/v2\/posts"}],"about":[{"href":"https:\/\/www.zsben.cz\/wordpress\/index.php?rest_route=\/wp\/v2\/types\/post"}],"author":[{"embeddable":true,"href":"https:\/\/www.zsben.cz\/wordpress\/index.php?rest_route=\/wp\/v2\/users\/43"}],"replies":[{"embeddable":true,"href":"https:\/\/www.zsben.cz\/wordpress\/index.php?rest_route=%2Fwp%2Fv2%2Fcomments&post=113828"}],"version-history":[{"count":8,"href":"https:\/\/www.zsben.cz\/wordpress\/index.php?rest_route=\/wp\/v2\/posts\/113828\/revisions"}],"predecessor-version":[{"id":114706,"href":"https:\/\/www.zsben.cz\/wordpress\/index.php?rest_route=\/wp\/v2\/posts\/113828\/revisions\/114706"}],"wp:attachment":[{"href":"https:\/\/www.zsben.cz\/wordpress\/index.php?rest_route=%2Fwp%2Fv2%2Fmedia&parent=113828"}],"wp:term":[{"taxonomy":"category","embeddable":true,"href":"https:\/\/www.zsben.cz\/wordpress\/index.php?rest_route=%2Fwp%2Fv2%2Fcategories&post=113828"},{"taxonomy":"post_tag","embeddable":true,"href":"https:\/\/www.zsben.cz\/wordpress\/index.php?rest_route=%2Fwp%2Fv2%2Ftags&post=113828"}],"curies":[{"name":"wp","href":"https:\/\/api.w.org\/{rel}","templated":true}]}}